{"id":25425,"date":"2021-06-22T07:18:03","date_gmt":"2021-06-22T10:18:03","guid":{"rendered":"https:\/\/maricatotal.com.br\/site\/?p=25425"},"modified":"2021-06-22T07:18:59","modified_gmt":"2021-06-22T10:18:59","slug":"foragido-da-justica-por-envolvimento-em-chacina-em-pernambuco-e-preso-pela-policia-civil-em-marica","status":"publish","type":"post","link":"https:\/\/maricatotal.com.br\/site\/2021\/06\/22\/foragido-da-justica-por-envolvimento-em-chacina-em-pernambuco-e-preso-pela-policia-civil-em-marica\/","title":{"rendered":"Foragido da Justi\u00e7a por envolvimento em chacina em Pernambuco \u00e9 preso pela Pol\u00edcia Civil em Maric\u00e1"},"content":{"rendered":"\n<p>Um homem acusado de homic\u00eddio foi preso por policiais civis da 82\u00aa DP (Maric\u00e1) em Maric\u00e1, na tarde desta segunda-feira (21).<\/p>\n\n\n\n<p>Segundo informa\u00e7\u00f5es, ap\u00f3s investiga\u00e7\u00f5es do setor de intelig\u00eancia, o paradeiro do meliante foi identificado e ele foi preso, sem oferecer resist\u00eancia.<\/p>\n\n\n\n<p>Ele e outros criminosos participaram de uma chacina, ocorrida na cidade de S\u00e3o Vicente F\u00e9rrer, no estado do Pernambuco, onde quatro pessoas foram mortas.<\/p>\n\n\n\n<p>Contra ele foi cumprido mandado de pris\u00e3o expedido pela Justi\u00e7a de Pernambuco.<\/p>\n","protected":false},"excerpt":{"rendered":"<p>Um homem acusado de homic\u00eddio foi preso por policiais civis da 82\u00aa DP (Maric\u00e1) em Maric\u00e1, na tarde desta segunda-feira<\/p>\n","protected":false},"author":1,"featured_media":25426,"comment_status":"open","ping_status":"open","sticky":false,"template":"","format":"standard","meta":{"colormag_page_container_layout":"default_layout","colormag_page_sidebar_layout":"default_layout","footnotes":""},"categories":[1],"tags":[],"class_list":["post-25425","post","type-post","status-publish","format-standard","has-post-thumbnail","hentry","category-noticias"],"amp_enabled":true,"_links":{"self":[{"href":"https:\/\/maricatotal.com.br\/site\/wp-json\/wp\/v2\/posts\/25425","targetHints":{"allow":["GET"]}}],"collection":[{"href":"https:\/\/maricatotal.com.br\/site\/wp-json\/wp\/v2\/posts"}],"about":[{"href":"https:\/\/maricatotal.com.br\/site\/wp-json\/wp\/v2\/types\/post"}],"author":[{"embeddable":true,"href":"https:\/\/maricatotal.com.br\/site\/wp-json\/wp\/v2\/users\/1"}],"replies":[{"embeddable":true,"href":"https:\/\/maricatotal.com.br\/site\/wp-json\/wp\/v2\/comments?post=25425"}],"version-history":[{"count":2,"href":"https:\/\/maricatotal.com.br\/site\/wp-json\/wp\/v2\/posts\/25425\/revisions"}],"predecessor-version":[{"id":25428,"href":"https:\/\/maricatotal.com.br\/site\/wp-json\/wp\/v2\/posts\/25425\/revisions\/25428"}],"wp:featuredmedia":[{"embeddable":true,"href":"https:\/\/maricatotal.com.br\/site\/wp-json\/wp\/v2\/media\/25426"}],"wp:attachment":[{"href":"https:\/\/maricatotal.com.br\/site\/wp-json\/wp\/v2\/media?parent=25425"}],"wp:term":[{"taxonomy":"category","embeddable":true,"href":"https:\/\/maricatotal.com.br\/site\/wp-json\/wp\/v2\/categories?post=25425"},{"taxonomy":"post_tag","embeddable":true,"href":"https:\/\/maricatotal.com.br\/site\/wp-json\/wp\/v2\/tags?post=25425"}],"curies":[{"name":"wp","href":"https:\/\/api.w.org\/{rel}","templated":true}]}}