{"id":25477,"date":"2021-06-23T07:15:49","date_gmt":"2021-06-23T10:15:49","guid":{"rendered":"https:\/\/maricatotal.com.br\/site\/?p=25477"},"modified":"2021-06-23T07:15:50","modified_gmt":"2021-06-23T10:15:50","slug":"prefeitura-inicia-vacinacao-de-motoristas","status":"publish","type":"post","link":"https:\/\/maricatotal.com.br\/site\/2021\/06\/23\/prefeitura-inicia-vacinacao-de-motoristas\/","title":{"rendered":"Prefeitura inicia vacina\u00e7\u00e3o de motoristas"},"content":{"rendered":"\n<p>Dando seguimento ao calend\u00e1rio de vacina\u00e7\u00e3o contra a Covid-19, nesta ter\u00e7a-feira (22\/06), a Prefeitura, atrav\u00e9s da Secretaria Municipal de Sa\u00fade (SMS), deu in\u00edcio \u00e0 aplica\u00e7\u00e3o da primeira dose em motoristas da Empresa P\u00fablica de Transportes (EPT), que trabalham nos vermelhinhos. Ao todo, 270 motoristas foram vacinados no N\u00facleo Municipal&nbsp; de Imuniza\u00e7\u00e3o Dr. Heitor da Costa Matta, no Centro.<\/p>\n\n\n\n<p>De acordo com informa\u00e7\u00f5es da secretaria, nesta quarta-feira, 23\/06, ser\u00e1 a vez de servidores da EPT, motoristas e cobradores da empresa Amparo que atuam em Maric\u00e1 e motoristas de vans. Na pr\u00f3xima sexta-feira, 25\/06, \u00e9 a vez dos motoristas de transporte escolar privado. \u00c9 importante destacar que todos os motoristas de transporte escolar privado precisam estar previamente cadastrados na lista da Secretaria Municipal de Transporte.<\/p>\n\n\n\n<p>\u201cQuando pensamos no retorno das aulas presenciais, nos vem a imagem das crian\u00e7as e adolescentes alegrando as ruas e lotando os transportes coletivos. Assim, n\u00e3o \u00e9 poss\u00edvel pensar na retomada das atividades, especialmente da Educa\u00e7\u00e3o, sem pensar junto nos profissionais dos transportes coletivos. Por isso mesmo, t\u00e3o logo os motoristas foram incorporados ao calend\u00e1rio do Programa Nacional de Imuniza\u00e7\u00e3o (PNI), iniciamos a vacina\u00e7\u00e3o dos motoristas, mas precisamos interromp\u00ea-la respeitando a decis\u00e3o do STF, que suspendeu a vacina\u00e7\u00e3o dos demais grupos priorizando as comorbidades\u201d, explica a subsecret\u00e1ria de Sa\u00fade, Solange Oliveira. \u201cAgora, com a retomada no PNI e o recebimento de doses para este grupo priorit\u00e1rio, pudemos retomar a vacina\u00e7\u00e3o\u201d, acrescenta.&nbsp;Ainda de acordo com a Secretaria Municipal de Sa\u00fade, cerca de 39 motoristas estatut\u00e1rios j\u00e1 tinham sido vacinados.<\/p>\n\n\n\n<p>Para Josefa Pimentel, 51, motorista da Via\u00e7\u00e3o Nossa Senhora do Amparo h\u00e1 18 anos, o momento \u00e9 de al\u00edvio. \u201cA gente lida com o p\u00fablico o tempo todo, s\u00e3o oito horas por dia, \u00e0s vezes mais. Muitas vezes os passageiros chegam muito perto da gente, o que acaba sendo perigoso, e eu tenho fam\u00edlia, me preocupo muito. Tomar essa primeira dose para mim j\u00e1 \u00e9 libertador, j\u00e1 sei que l\u00e1 na frente n\u00e3o vou precisar me preocupar se vou infectar ou n\u00e3o a minha fam\u00edlia\u201d, disse.<\/p>\n\n\n\n<p>\u201cA gente estava muito apreensivo para chegar a nossa vez, \u00e9 um contato di\u00e1rio e a gente fica muito exposto. Esse momento para mim representa tranquilidade, sei que depois da segunda dose eu e a minha fam\u00edlia estaremos seguros desse problema\u201d, comentou Carlos Vinicius Rocha, 30, motorista da EPT.<\/p>\n","protected":false},"excerpt":{"rendered":"<p>Dando seguimento ao calend\u00e1rio de vacina\u00e7\u00e3o contra a Covid-19, nesta ter\u00e7a-feira (22\/06), a Prefeitura, atrav\u00e9s da Secretaria Municipal de Sa\u00fade<\/p>\n","protected":false},"author":1,"featured_media":25478,"comment_status":"open","ping_status":"open","sticky":false,"template":"","format":"standard","meta":{"colormag_page_container_layout":"default_layout","colormag_page_sidebar_layout":"default_layout","footnotes":""},"categories":[17],"tags":[],"class_list":["post-25477","post","type-post","status-publish","format-standard","has-post-thumbnail","hentry","category-politica"],"amp_enabled":true,"_links":{"self":[{"href":"https:\/\/maricatotal.com.br\/site\/wp-json\/wp\/v2\/posts\/25477","targetHints":{"allow":["GET"]}}],"collection":[{"href":"https:\/\/maricatotal.com.br\/site\/wp-json\/wp\/v2\/posts"}],"about":[{"href":"https:\/\/maricatotal.com.br\/site\/wp-json\/wp\/v2\/types\/post"}],"author":[{"embeddable":true,"href":"https:\/\/maricatotal.com.br\/site\/wp-json\/wp\/v2\/users\/1"}],"replies":[{"embeddable":true,"href":"https:\/\/maricatotal.com.br\/site\/wp-json\/wp\/v2\/comments?post=25477"}],"version-history":[{"count":1,"href":"https:\/\/maricatotal.com.br\/site\/wp-json\/wp\/v2\/posts\/25477\/revisions"}],"predecessor-version":[{"id":25479,"href":"https:\/\/maricatotal.com.br\/site\/wp-json\/wp\/v2\/posts\/25477\/revisions\/25479"}],"wp:featuredmedia":[{"embeddable":true,"href":"https:\/\/maricatotal.com.br\/site\/wp-json\/wp\/v2\/media\/25478"}],"wp:attachment":[{"href":"https:\/\/maricatotal.com.br\/site\/wp-json\/wp\/v2\/media?parent=25477"}],"wp:term":[{"taxonomy":"category","embeddable":true,"href":"https:\/\/maricatotal.com.br\/site\/wp-json\/wp\/v2\/categories?post=25477"},{"taxonomy":"post_tag","embeddable":true,"href":"https:\/\/maricatotal.com.br\/site\/wp-json\/wp\/v2\/tags?post=25477"}],"curies":[{"name":"wp","href":"https:\/\/api.w.org\/{rel}","templated":true}]}}