{"id":25506,"date":"2021-06-23T15:57:44","date_gmt":"2021-06-23T18:57:44","guid":{"rendered":"https:\/\/maricatotal.com.br\/site\/?p=25506"},"modified":"2021-06-23T15:57:45","modified_gmt":"2021-06-23T18:57:45","slug":"aprovado-pl-para-que-conste-nos-carnes-do-iptu-se-ha-debito-inscrito-na-divida-ativa","status":"publish","type":"post","link":"https:\/\/maricatotal.com.br\/site\/2021\/06\/23\/aprovado-pl-para-que-conste-nos-carnes-do-iptu-se-ha-debito-inscrito-na-divida-ativa\/","title":{"rendered":"Aprovado PL para que conste nos carn\u00eas do IPTU se h\u00e1 d\u00e9bito inscrito na d\u00edvida ativa"},"content":{"rendered":"\n<p>Durante a sess\u00e3o ordin\u00e1ria desta quarta-feira (23), os vereadores votaram e aprovaram, em primeiro turno, o Projeto de Lei n\u00ba 91, de autoria do vereador Luiz Felipe Santos de Oliveira (Hadesh), que disp\u00f5e sobre a obriga\u00e7\u00e3o de constar no carn\u00ea do IPTU, emitido anualmente, a not\u00edcia da exist\u00eancia de d\u00e9bito inscrito na d\u00edvida ativa do munic\u00edpio<em>.<\/em><\/p>\n\n\n\n<p><strong>Mo\u00e7\u00f5es \u2013<\/strong>&nbsp;Foi votada mo\u00e7\u00e3o de autoria do vereador Marquinho da Juventude ao subtentente da Pol\u00edcia Militar Roberto Alves Lopes.&nbsp;Tamb\u00e9m foram votadas mo\u00e7\u00f5es autoria do vereador Andr\u00e9 Casquinha a Michel Marques Correa Chaves. (in memorian); a Carlos Bruno de Oliveira, Carlos Oberdan, Jo\u00e3o Paulo da Silva Brito, Jo\u00e3o Americo Rodrigues, Luis Fernando Candido, Paulo Ricardo Azeredo, Ualquer de Carvalho e Wagner Loureiro.&nbsp;Os vereadores tamb\u00e9m votaram mo\u00e7\u00e3o de autoria do vereador Frank Costa a Abrah\u00e3o Aloisio Felizardo Melo (in memorian).<\/p>\n","protected":false},"excerpt":{"rendered":"<p>Durante a sess\u00e3o ordin\u00e1ria desta quarta-feira (23), os vereadores votaram e aprovaram, em primeiro turno, o Projeto de Lei n\u00ba<\/p>\n","protected":false},"author":1,"featured_media":25507,"comment_status":"open","ping_status":"open","sticky":false,"template":"","format":"standard","meta":{"colormag_page_container_layout":"default_layout","colormag_page_sidebar_layout":"default_layout","footnotes":""},"categories":[17],"tags":[],"class_list":["post-25506","post","type-post","status-publish","format-standard","has-post-thumbnail","hentry","category-politica"],"amp_enabled":true,"_links":{"self":[{"href":"https:\/\/maricatotal.com.br\/site\/wp-json\/wp\/v2\/posts\/25506","targetHints":{"allow":["GET"]}}],"collection":[{"href":"https:\/\/maricatotal.com.br\/site\/wp-json\/wp\/v2\/posts"}],"about":[{"href":"https:\/\/maricatotal.com.br\/site\/wp-json\/wp\/v2\/types\/post"}],"author":[{"embeddable":true,"href":"https:\/\/maricatotal.com.br\/site\/wp-json\/wp\/v2\/users\/1"}],"replies":[{"embeddable":true,"href":"https:\/\/maricatotal.com.br\/site\/wp-json\/wp\/v2\/comments?post=25506"}],"version-history":[{"count":1,"href":"https:\/\/maricatotal.com.br\/site\/wp-json\/wp\/v2\/posts\/25506\/revisions"}],"predecessor-version":[{"id":25508,"href":"https:\/\/maricatotal.com.br\/site\/wp-json\/wp\/v2\/posts\/25506\/revisions\/25508"}],"wp:featuredmedia":[{"embeddable":true,"href":"https:\/\/maricatotal.com.br\/site\/wp-json\/wp\/v2\/media\/25507"}],"wp:attachment":[{"href":"https:\/\/maricatotal.com.br\/site\/wp-json\/wp\/v2\/media?parent=25506"}],"wp:term":[{"taxonomy":"category","embeddable":true,"href":"https:\/\/maricatotal.com.br\/site\/wp-json\/wp\/v2\/categories?post=25506"},{"taxonomy":"post_tag","embeddable":true,"href":"https:\/\/maricatotal.com.br\/site\/wp-json\/wp\/v2\/tags?post=25506"}],"curies":[{"name":"wp","href":"https:\/\/api.w.org\/{rel}","templated":true}]}}