{"id":25543,"date":"2021-06-24T14:19:12","date_gmt":"2021-06-24T17:19:12","guid":{"rendered":"https:\/\/maricatotal.com.br\/site\/?p=25543"},"modified":"2021-06-24T14:19:13","modified_gmt":"2021-06-24T17:19:13","slug":"taxa-media-semanal-de-ocupacao-de-leitos-de-marica-e-de-3158","status":"publish","type":"post","link":"https:\/\/maricatotal.com.br\/site\/2021\/06\/24\/taxa-media-semanal-de-ocupacao-de-leitos-de-marica-e-de-3158\/","title":{"rendered":"Taxa m\u00e9dia semanal de ocupa\u00e7\u00e3o de leitos de Maric\u00e1 \u00e9 de 31,58%"},"content":{"rendered":"\n<p>A Prefeitura de Maric\u00e1, atrav\u00e9s da Secretaria de Sa\u00fade, divulgou a taxa m\u00e9dia semanal de ocupa\u00e7\u00e3o de leitos de Maric\u00e1 no boletim epidemiol\u00f3gico desta quarta-feira (23).<\/p>\n\n\n\n<p>Segundo a entidade,  no per\u00edodo de 16\/06 a 22\/06 compreendendo os hospitais Conde Modesto Leal e Dr.<br>Ernesto Che Guevara, al\u00e9m da UPA de Ino\u00e3, a taxa m\u00e9dia semanal de  atendimento a pacientes com Covid19, foi de 31,58%, sendo 17,42% de pacientes de outros munic\u00edpios. <\/p>\n\n\n\n<p>Na semana anterior, a taxa de ocupa\u00e7\u00e3o era de 34,94%, sendo 15,15% de pacientes de outros munic\u00edpios, mostrando uma pequena redu\u00e7\u00e3o, o que \u00e9 positivo no combate a pandemia da Covid. <\/p>\n\n\n\n<p>Maric\u00e1 registrou, at\u00e9 esta quarta-feira, 15.300 casos confirmados e 416 \u00f3bitos por Covid. Os \u00f3bitos deste boletim s\u00e3o de tr\u00eas mulheres de 52, 57 e 64 anos que moravam no Parque Eldorado, Ara\u00e7atiba e Itaipua\u00e7u; al\u00e9m de tr\u00eas homens de 59 e 62 anos que residiam na Mumbuca, em Cordeirinho e Itaipua\u00e7u. \u00c9 importante frisar que esses \u00f3bitos s\u00e3o referentes ao per\u00edodo de 16\/06 a 22\/06. Est\u00e3o curadas da doen\u00e7a 14.712 pessoas e h\u00e1 no momento 273 casos ativos, al\u00e9m de 15 \u00f3bitos em an\u00e1lise pela Secretaria de Estado de Sa\u00fade.<\/p>\n","protected":false},"excerpt":{"rendered":"<p>A Prefeitura de Maric\u00e1, atrav\u00e9s da Secretaria de Sa\u00fade, divulgou a taxa m\u00e9dia semanal de ocupa\u00e7\u00e3o de leitos de Maric\u00e1<\/p>\n","protected":false},"author":1,"featured_media":25544,"comment_status":"open","ping_status":"open","sticky":false,"template":"","format":"standard","meta":{"colormag_page_container_layout":"default_layout","colormag_page_sidebar_layout":"default_layout","footnotes":""},"categories":[17],"tags":[],"class_list":["post-25543","post","type-post","status-publish","format-standard","has-post-thumbnail","hentry","category-politica"],"amp_enabled":true,"_links":{"self":[{"href":"https:\/\/maricatotal.com.br\/site\/wp-json\/wp\/v2\/posts\/25543","targetHints":{"allow":["GET"]}}],"collection":[{"href":"https:\/\/maricatotal.com.br\/site\/wp-json\/wp\/v2\/posts"}],"about":[{"href":"https:\/\/maricatotal.com.br\/site\/wp-json\/wp\/v2\/types\/post"}],"author":[{"embeddable":true,"href":"https:\/\/maricatotal.com.br\/site\/wp-json\/wp\/v2\/users\/1"}],"replies":[{"embeddable":true,"href":"https:\/\/maricatotal.com.br\/site\/wp-json\/wp\/v2\/comments?post=25543"}],"version-history":[{"count":1,"href":"https:\/\/maricatotal.com.br\/site\/wp-json\/wp\/v2\/posts\/25543\/revisions"}],"predecessor-version":[{"id":25545,"href":"https:\/\/maricatotal.com.br\/site\/wp-json\/wp\/v2\/posts\/25543\/revisions\/25545"}],"wp:featuredmedia":[{"embeddable":true,"href":"https:\/\/maricatotal.com.br\/site\/wp-json\/wp\/v2\/media\/25544"}],"wp:attachment":[{"href":"https:\/\/maricatotal.com.br\/site\/wp-json\/wp\/v2\/media?parent=25543"}],"wp:term":[{"taxonomy":"category","embeddable":true,"href":"https:\/\/maricatotal.com.br\/site\/wp-json\/wp\/v2\/categories?post=25543"},{"taxonomy":"post_tag","embeddable":true,"href":"https:\/\/maricatotal.com.br\/site\/wp-json\/wp\/v2\/tags?post=25543"}],"curies":[{"name":"wp","href":"https:\/\/api.w.org\/{rel}","templated":true}]}}