{"id":25551,"date":"2021-06-24T17:33:58","date_gmt":"2021-06-24T20:33:58","guid":{"rendered":"https:\/\/maricatotal.com.br\/site\/?p=25551"},"modified":"2021-06-24T17:33:59","modified_gmt":"2021-06-24T20:33:59","slug":"professora-passa-mal-e-e-socorrida-dentro-de-escola-no-centro-de-marica","status":"publish","type":"post","link":"https:\/\/maricatotal.com.br\/site\/2021\/06\/24\/professora-passa-mal-e-e-socorrida-dentro-de-escola-no-centro-de-marica\/","title":{"rendered":"Professora passa mal e \u00e9 socorrida dentro de escola no Centro de Maric\u00e1"},"content":{"rendered":"\n<p>Uma professora precisou ser atendida \u00e0s pressas por Socorristas do Servi\u00e7o de Atendimento M\u00f3vel de Urg\u00eancia (SAMU) na tarde desta quinta-feira, 24, ap\u00f3s passar mal dentro do Col\u00e9gio Curso Zero Um.<\/p>\n\n\n\n<p>Segundo informa\u00e7\u00f5es, a professora come\u00e7ou a se sentir mal e a SAMU foi acionada ao local. Ap\u00f3s os procedimentos de primeiros socorros, a mulher foi levada para o Hospital Municipal Conde Modesto Leal.<\/p>\n\n\n\n<p>N\u00e3o h\u00e1 informa\u00e7\u00f5es sobre seu estado de sa\u00fade at\u00e9 o momento, nem sobre a causa do mal estar.<\/p>\n\n\n\n<p>Em atualiza\u00e7\u00e3o.<\/p>\n","protected":false},"excerpt":{"rendered":"<p>Uma professora precisou ser atendida \u00e0s pressas por Socorristas do Servi\u00e7o de Atendimento M\u00f3vel de Urg\u00eancia (SAMU) na tarde desta<\/p>\n","protected":false},"author":1,"featured_media":25552,"comment_status":"open","ping_status":"open","sticky":false,"template":"","format":"standard","meta":{"colormag_page_container_layout":"default_layout","colormag_page_sidebar_layout":"default_layout","footnotes":""},"categories":[14],"tags":[],"class_list":["post-25551","post","type-post","status-publish","format-standard","has-post-thumbnail","hentry","category-bairros"],"amp_enabled":true,"_links":{"self":[{"href":"https:\/\/maricatotal.com.br\/site\/wp-json\/wp\/v2\/posts\/25551","targetHints":{"allow":["GET"]}}],"collection":[{"href":"https:\/\/maricatotal.com.br\/site\/wp-json\/wp\/v2\/posts"}],"about":[{"href":"https:\/\/maricatotal.com.br\/site\/wp-json\/wp\/v2\/types\/post"}],"author":[{"embeddable":true,"href":"https:\/\/maricatotal.com.br\/site\/wp-json\/wp\/v2\/users\/1"}],"replies":[{"embeddable":true,"href":"https:\/\/maricatotal.com.br\/site\/wp-json\/wp\/v2\/comments?post=25551"}],"version-history":[{"count":1,"href":"https:\/\/maricatotal.com.br\/site\/wp-json\/wp\/v2\/posts\/25551\/revisions"}],"predecessor-version":[{"id":25554,"href":"https:\/\/maricatotal.com.br\/site\/wp-json\/wp\/v2\/posts\/25551\/revisions\/25554"}],"wp:featuredmedia":[{"embeddable":true,"href":"https:\/\/maricatotal.com.br\/site\/wp-json\/wp\/v2\/media\/25552"}],"wp:attachment":[{"href":"https:\/\/maricatotal.com.br\/site\/wp-json\/wp\/v2\/media?parent=25551"}],"wp:term":[{"taxonomy":"category","embeddable":true,"href":"https:\/\/maricatotal.com.br\/site\/wp-json\/wp\/v2\/categories?post=25551"},{"taxonomy":"post_tag","embeddable":true,"href":"https:\/\/maricatotal.com.br\/site\/wp-json\/wp\/v2\/tags?post=25551"}],"curies":[{"name":"wp","href":"https:\/\/api.w.org\/{rel}","templated":true}]}}