{"id":25555,"date":"2021-06-24T18:16:38","date_gmt":"2021-06-24T21:16:38","guid":{"rendered":"https:\/\/maricatotal.com.br\/site\/?p=25555"},"modified":"2021-06-24T19:01:16","modified_gmt":"2021-06-24T22:01:16","slug":"homem-fica-gravemente-ferido-em-acidente-entre-moto-e-carro-em-cruzamento-em-itaipuacu","status":"publish","type":"post","link":"https:\/\/maricatotal.com.br\/site\/2021\/06\/24\/homem-fica-gravemente-ferido-em-acidente-entre-moto-e-carro-em-cruzamento-em-itaipuacu\/","title":{"rendered":"Homem fica gravemente ferido em acidente entre moto e carro em cruzamento em Itaipua\u00e7u"},"content":{"rendered":"\n<p>Um homem ficou gravemente ferido em um acidente entre um carro e uma motocicleta, no cruzamento da Rua Professor Cardoso de Menezes, antiga Rua 1, com a Rua 32, no in\u00edcio da noite desta quinta-feira (24).<\/p>\n\n\n\n<p>Segundo informa\u00e7\u00f5es, o condutor da moto seguia sentido Rodovi\u00e1ria quando foi surpreendido pelo motorista que tentou entrar na Rua 32, sendo atingido violentamente.<\/p>\n\n\n\n<p>Com o impacto da batida, o motociclista sofreu diversos ferimentos pelo corpo. <\/p>\n\n\n\n<p>Socorristas do Servi\u00e7o de Atendimento M\u00f3vel de Urg\u00eancia (SAMU) seguiram para o local e prestaram os primeiros socorros para a v\u00edtima. Em seguida, o homem foi encaminhado para o Hospital Municipal Conde Modesto Leal, no Centro. <\/p>\n\n\n\n<p>O tr\u00e2nsito ficou em meia pista sendo conduzido por orientadores da Prefeitura. <\/p>\n","protected":false},"excerpt":{"rendered":"<p>Um homem ficou gravemente ferido em um acidente entre um carro e uma motocicleta, no cruzamento da Rua Professor Cardoso<\/p>\n","protected":false},"author":1,"featured_media":25566,"comment_status":"open","ping_status":"open","sticky":false,"template":"","format":"standard","meta":{"colormag_page_container_layout":"default_layout","colormag_page_sidebar_layout":"default_layout","footnotes":""},"categories":[14],"tags":[],"class_list":["post-25555","post","type-post","status-publish","format-standard","has-post-thumbnail","hentry","category-bairros"],"amp_enabled":true,"_links":{"self":[{"href":"https:\/\/maricatotal.com.br\/site\/wp-json\/wp\/v2\/posts\/25555","targetHints":{"allow":["GET"]}}],"collection":[{"href":"https:\/\/maricatotal.com.br\/site\/wp-json\/wp\/v2\/posts"}],"about":[{"href":"https:\/\/maricatotal.com.br\/site\/wp-json\/wp\/v2\/types\/post"}],"author":[{"embeddable":true,"href":"https:\/\/maricatotal.com.br\/site\/wp-json\/wp\/v2\/users\/1"}],"replies":[{"embeddable":true,"href":"https:\/\/maricatotal.com.br\/site\/wp-json\/wp\/v2\/comments?post=25555"}],"version-history":[{"count":5,"href":"https:\/\/maricatotal.com.br\/site\/wp-json\/wp\/v2\/posts\/25555\/revisions"}],"predecessor-version":[{"id":25562,"href":"https:\/\/maricatotal.com.br\/site\/wp-json\/wp\/v2\/posts\/25555\/revisions\/25562"}],"wp:featuredmedia":[{"embeddable":true,"href":"https:\/\/maricatotal.com.br\/site\/wp-json\/wp\/v2\/media\/25566"}],"wp:attachment":[{"href":"https:\/\/maricatotal.com.br\/site\/wp-json\/wp\/v2\/media?parent=25555"}],"wp:term":[{"taxonomy":"category","embeddable":true,"href":"https:\/\/maricatotal.com.br\/site\/wp-json\/wp\/v2\/categories?post=25555"},{"taxonomy":"post_tag","embeddable":true,"href":"https:\/\/maricatotal.com.br\/site\/wp-json\/wp\/v2\/tags?post=25555"}],"curies":[{"name":"wp","href":"https:\/\/api.w.org\/{rel}","templated":true}]}}