{"id":25573,"date":"2021-06-25T07:06:19","date_gmt":"2021-06-25T10:06:19","guid":{"rendered":"https:\/\/maricatotal.com.br\/site\/?p=25573"},"modified":"2021-06-25T07:06:20","modified_gmt":"2021-06-25T10:06:20","slug":"2a-edicao-do-ciclo-de-debates-dialoga-sobre-a-gestao-da-pandemia-no-brasil-e-o-exemplo-de-marica","status":"publish","type":"post","link":"https:\/\/maricatotal.com.br\/site\/2021\/06\/25\/2a-edicao-do-ciclo-de-debates-dialoga-sobre-a-gestao-da-pandemia-no-brasil-e-o-exemplo-de-marica\/","title":{"rendered":"2\u00aa edi\u00e7\u00e3o do ciclo de debates dialoga sobre a gest\u00e3o da pandemia no Brasil e o exemplo de Maric\u00e1"},"content":{"rendered":"\n<p>Iniciado na data de comemora\u00e7\u00e3o de 207 anos de Maric\u00e1, o ciclo de debates \u201cA revolu\u00e7\u00e3o social de Maric\u00e1\u201d ganha mais uma edi\u00e7\u00e3o. A pr\u00f3xima quarta-feira, 01\/07, ser\u00e1 marcada pela reuni\u00e3o de importantes atores do combate \u00e0 pandemia no Brasil. Com tema \u201cA gest\u00e3o da pandemia no Brasil e o exemplo de Maric\u00e1\u201d, a transmiss\u00e3o ter\u00e1 a presen\u00e7a virtual do ex-ministro da Sa\u00fade Alexandre Padilha, do ex-secret\u00e1rio do Minist\u00e9rio da Sa\u00fade Mozart Salles e da secret\u00e1ria de Sa\u00fade de Maric\u00e1 Simone Costa. O encontro, que acontece \u00e0s 18h, ter\u00e1 media\u00e7\u00e3o do secret\u00e1rio de Governo, Jo\u00e3o Maur\u00edcio.<\/p>\n\n\n\n<p>Com organiza\u00e7\u00e3o da Prefeitura de Maric\u00e1, atrav\u00e9s da Companhia de Desenvolvimento de Maric\u00e1 (Codemar), o evento, de acordo com a Codemar, tem a proposta de reunir atores de grande import\u00e2ncia do cen\u00e1rio nacional, junto ao secretariado municipal, para levar \u00e0 popula\u00e7\u00e3o um momento de debates sobre temas de grande relev\u00e2ncia para o cen\u00e1rio nacional na constru\u00e7\u00e3o de pol\u00edticas p\u00fablicas, democr\u00e1ticas e sociais que contribuem para transformar Maric\u00e1 em refer\u00eancia internacional.<\/p>\n\n\n\n<p>A primeira edi\u00e7\u00e3o, que aconteceu no dia 26 de maio, foi marcada pela presen\u00e7a do ex-presidente Lula, que por mais de uma hora debateu com o prefeito Fabiano Horta quest\u00f5es referentes ao tema \u201cA redu\u00e7\u00e3o das desigualdades sociais\u201d.<\/p>\n\n\n\n<p>Para o mediador, o secret\u00e1rio de Governo Jo\u00e3o Maur\u00edcio, o debate proporcionar\u00e1 dialogar sobre as boas experi\u00eancias no combate \u00e0 pandemia no munic\u00edpio de Maric\u00e1.<\/p>\n\n\n\n<p>\u201cO Brasil passa por um momento muito delicado com esta crise sanit\u00e1ria, pol\u00edtica e social que tem causado efeitos devastadores para o povo. Com esse debate ser\u00e1 poss\u00edvel dialogar sobre a import\u00e2ncia das experi\u00eancias exitosas da nossa cidade. Vamos debater sobre estrat\u00e9gias pol\u00edticas de enfrentamento \u00e0 pandemia integradas \u00e0s a\u00e7\u00f5es de prote\u00e7\u00e3o social e econ\u00f4mica, e sobre importantes ferramentas para o bem- estar e garantia dos direitos da popula\u00e7\u00e3o, em um dos momentos mais desafiadores da humanidade\u201d, explicou o secret\u00e1rio.<\/p>\n\n\n\n<p>O evento ser\u00e1 transmitido pela p\u00e1gina oficial da Prefeitura de Maric\u00e1 no Facebook, pela Revista F\u00f3rum e pelos portais IG e 247.<\/p>\n\n\n\n<p>Servi\u00e7o:<\/p>\n\n\n\n<p>Ciclo de debates: \u201cA Revolu\u00e7\u00e3o Social de Maric\u00e1\u201d<\/p>\n\n\n\n<p>Tema: \u201cA gest\u00e3o da pandemia no Brasil e o exemplo de Maric\u00e1\u201d<\/p>\n\n\n\n<p>Convidados: Ex-ministro da Sa\u00fade Alexandre Padilha, do ex-secret\u00e1rio do Minist\u00e9rio da Sa\u00fade Mozart Salles e da secret\u00e1ria de Sa\u00fade de Maric\u00e1 Simone Costa.<\/p>\n\n\n\n<p>Media\u00e7\u00e3o: Secret\u00e1rio de Governo Jo\u00e3o Maur\u00edcio<\/p>\n\n\n\n<p>Data: 01\/07<\/p>\n\n\n\n<p>Hor\u00e1rio: 18h<\/p>\n\n\n\n<p>Transmiss\u00e3o:&nbsp; Facebook Prefeitura de Maric\u00e1,&nbsp; Revista F\u00f3rum e nos portais IG e 247<\/p>\n","protected":false},"excerpt":{"rendered":"<p>Iniciado na data de comemora\u00e7\u00e3o de 207 anos de Maric\u00e1, o ciclo de debates \u201cA revolu\u00e7\u00e3o social de Maric\u00e1\u201d ganha<\/p>\n","protected":false},"author":1,"featured_media":25574,"comment_status":"open","ping_status":"open","sticky":false,"template":"","format":"standard","meta":{"colormag_page_container_layout":"default_layout","colormag_page_sidebar_layout":"default_layout","footnotes":""},"categories":[18],"tags":[],"class_list":["post-25573","post","type-post","status-publish","format-standard","has-post-thumbnail","hentry","category-entretenimento"],"amp_enabled":true,"_links":{"self":[{"href":"https:\/\/maricatotal.com.br\/site\/wp-json\/wp\/v2\/posts\/25573","targetHints":{"allow":["GET"]}}],"collection":[{"href":"https:\/\/maricatotal.com.br\/site\/wp-json\/wp\/v2\/posts"}],"about":[{"href":"https:\/\/maricatotal.com.br\/site\/wp-json\/wp\/v2\/types\/post"}],"author":[{"embeddable":true,"href":"https:\/\/maricatotal.com.br\/site\/wp-json\/wp\/v2\/users\/1"}],"replies":[{"embeddable":true,"href":"https:\/\/maricatotal.com.br\/site\/wp-json\/wp\/v2\/comments?post=25573"}],"version-history":[{"count":1,"href":"https:\/\/maricatotal.com.br\/site\/wp-json\/wp\/v2\/posts\/25573\/revisions"}],"predecessor-version":[{"id":25575,"href":"https:\/\/maricatotal.com.br\/site\/wp-json\/wp\/v2\/posts\/25573\/revisions\/25575"}],"wp:featuredmedia":[{"embeddable":true,"href":"https:\/\/maricatotal.com.br\/site\/wp-json\/wp\/v2\/media\/25574"}],"wp:attachment":[{"href":"https:\/\/maricatotal.com.br\/site\/wp-json\/wp\/v2\/media?parent=25573"}],"wp:term":[{"taxonomy":"category","embeddable":true,"href":"https:\/\/maricatotal.com.br\/site\/wp-json\/wp\/v2\/categories?post=25573"},{"taxonomy":"post_tag","embeddable":true,"href":"https:\/\/maricatotal.com.br\/site\/wp-json\/wp\/v2\/tags?post=25573"}],"curies":[{"name":"wp","href":"https:\/\/api.w.org\/{rel}","templated":true}]}}