{"id":25577,"date":"2021-06-25T07:39:46","date_gmt":"2021-06-25T10:39:46","guid":{"rendered":"https:\/\/maricatotal.com.br\/site\/?p=25577"},"modified":"2021-06-25T07:40:55","modified_gmt":"2021-06-25T10:40:55","slug":"policia-civil-prende-acusado-de-crime-de-violencia-domestica-em-sao-jose-do-imbassai","status":"publish","type":"post","link":"https:\/\/maricatotal.com.br\/site\/2021\/06\/25\/policia-civil-prende-acusado-de-crime-de-violencia-domestica-em-sao-jose-do-imbassai\/","title":{"rendered":"Pol\u00edcia Civil prende acusado de crime de viol\u00eancia dom\u00e9stica em S\u00e3o Jos\u00e9 do Imbassa\u00ed"},"content":{"rendered":"\n<p>Um homem acusado de crime de viol\u00eancia dom\u00e9stica foi preso por policiais civis da 72\u00aa DP (S\u00e3o Gon\u00e7alo), na \u00faltima ter\u00e7a-feira (22), em S\u00e3o Jos\u00e9 do Imbassa\u00ed.<\/p>\n\n\n\n<p>Segundo informa\u00e7\u00f5es, ap\u00f3s monitoramento do setor de intelig\u00eancia, o homem foi encontrado e preso em seguida pelos agentes, sem oferecer resist\u00eancia. <\/p>\n\n\n\n<p>Contra o acusado foi cumprido mandado de pris\u00e3o expedido pela Justi\u00e7a. Ap\u00f3s a a\u00e7\u00e3o, ele foi encaminhado ao sistema prisional.<\/p>\n\n\n\n<p><\/p>\n","protected":false},"excerpt":{"rendered":"<p>Um homem acusado de crime de viol\u00eancia dom\u00e9stica foi preso por policiais civis da 72\u00aa DP (S\u00e3o Gon\u00e7alo), na \u00faltima<\/p>\n","protected":false},"author":1,"featured_media":25578,"comment_status":"open","ping_status":"open","sticky":false,"template":"","format":"standard","meta":{"colormag_page_container_layout":"default_layout","colormag_page_sidebar_layout":"default_layout","footnotes":""},"categories":[1],"tags":[],"class_list":["post-25577","post","type-post","status-publish","format-standard","has-post-thumbnail","hentry","category-noticias"],"amp_enabled":true,"_links":{"self":[{"href":"https:\/\/maricatotal.com.br\/site\/wp-json\/wp\/v2\/posts\/25577","targetHints":{"allow":["GET"]}}],"collection":[{"href":"https:\/\/maricatotal.com.br\/site\/wp-json\/wp\/v2\/posts"}],"about":[{"href":"https:\/\/maricatotal.com.br\/site\/wp-json\/wp\/v2\/types\/post"}],"author":[{"embeddable":true,"href":"https:\/\/maricatotal.com.br\/site\/wp-json\/wp\/v2\/users\/1"}],"replies":[{"embeddable":true,"href":"https:\/\/maricatotal.com.br\/site\/wp-json\/wp\/v2\/comments?post=25577"}],"version-history":[{"count":2,"href":"https:\/\/maricatotal.com.br\/site\/wp-json\/wp\/v2\/posts\/25577\/revisions"}],"predecessor-version":[{"id":25580,"href":"https:\/\/maricatotal.com.br\/site\/wp-json\/wp\/v2\/posts\/25577\/revisions\/25580"}],"wp:featuredmedia":[{"embeddable":true,"href":"https:\/\/maricatotal.com.br\/site\/wp-json\/wp\/v2\/media\/25578"}],"wp:attachment":[{"href":"https:\/\/maricatotal.com.br\/site\/wp-json\/wp\/v2\/media?parent=25577"}],"wp:term":[{"taxonomy":"category","embeddable":true,"href":"https:\/\/maricatotal.com.br\/site\/wp-json\/wp\/v2\/categories?post=25577"},{"taxonomy":"post_tag","embeddable":true,"href":"https:\/\/maricatotal.com.br\/site\/wp-json\/wp\/v2\/tags?post=25577"}],"curies":[{"name":"wp","href":"https:\/\/api.w.org\/{rel}","templated":true}]}}