{"id":25599,"date":"2021-06-25T16:38:10","date_gmt":"2021-06-25T19:38:10","guid":{"rendered":"https:\/\/maricatotal.com.br\/site\/?p=25599"},"modified":"2021-06-25T16:44:52","modified_gmt":"2021-06-25T19:44:52","slug":"secretaria-de-defesa-do-consumidor-e-procon-marica-realizam-fiscalizacao-em-comercios-de-sao-jose-do-imbassai","status":"publish","type":"post","link":"https:\/\/maricatotal.com.br\/site\/2021\/06\/25\/secretaria-de-defesa-do-consumidor-e-procon-marica-realizam-fiscalizacao-em-comercios-de-sao-jose-do-imbassai\/","title":{"rendered":"Secretaria de Defesa do Consumidor e PROCON\/Maric\u00e1 realizam fiscaliza\u00e7\u00e3o em com\u00e9rcios de S\u00e3o Jos\u00e9 do Imbassa\u00ed"},"content":{"rendered":"\n<p>A  Secretaria de Defesa do Consumidor, atrav\u00e9s do PROCON\/MARIC\u00c1, realizou na manh\u00e3 desta sexta-feira, 25, uma a\u00e7\u00e3o fiscalizadora e educativa em diversos com\u00e9rcios em S\u00e3o Jos\u00e9 do Imbassa\u00ed. <\/p>\n\n\n\n<p>A a\u00e7\u00e3o teve intuito de verificar o cumprimento ao decreto de combate ao COVID 19, bem como as normas sanit\u00e1rias que os com\u00e9rcios devem seguir como aferi\u00e7\u00e3o de temperatura na entrada dos estabelecimentos, uso de m\u00e1scara dos funcion\u00e1rios, entrada apenas de clientes usando m\u00e1scaras, entre outras.<\/p>\n\n\n\n<p>A Secretaria de Defesa do Consumidor segue realizando as a\u00e7\u00f5es de fiscaliza\u00e7\u00e3o por toda a cidade. Vale ressaltar que ao seguir as normas sanit\u00e1rias, os com\u00e9rcios est\u00e3o realizando a prote\u00e7\u00e3o dos funcion\u00e1rios e tamb\u00e9m dos clientes. As den\u00fancias podem ser feitas pelos n\u00fameros: 21 97235-7207 (wpp), 21 2634-1342 (Fixo ) e atrav\u00e9s do e-mail: proconmarica@gmail.com.<\/p>\n\n\n\n<figure class=\"wp-block-image size-large\"><img loading=\"lazy\" decoding=\"async\" width=\"1024\" height=\"1024\" src=\"https:\/\/maricatotal.com.br\/site\/wp-content\/uploads\/2021\/06\/WhatsApp-Image-2021-06-25-at-14.21.41-1024x1024.jpeg\" alt=\"\" class=\"wp-image-25604\" srcset=\"https:\/\/maricatotal.com.br\/site\/wp-content\/uploads\/2021\/06\/WhatsApp-Image-2021-06-25-at-14.21.41-1024x1024.jpeg 1024w, https:\/\/maricatotal.com.br\/site\/wp-content\/uploads\/2021\/06\/WhatsApp-Image-2021-06-25-at-14.21.41-300x300.jpeg 300w, https:\/\/maricatotal.com.br\/site\/wp-content\/uploads\/2021\/06\/WhatsApp-Image-2021-06-25-at-14.21.41-150x150.jpeg 150w, https:\/\/maricatotal.com.br\/site\/wp-content\/uploads\/2021\/06\/WhatsApp-Image-2021-06-25-at-14.21.41-768x768.jpeg 768w, https:\/\/maricatotal.com.br\/site\/wp-content\/uploads\/2021\/06\/WhatsApp-Image-2021-06-25-at-14.21.41.jpeg 1280w\" sizes=\"auto, (max-width: 1024px) 100vw, 1024px\" \/><\/figure>\n\n\n\n<figure class=\"wp-block-image size-large\"><img loading=\"lazy\" decoding=\"async\" width=\"1024\" height=\"1024\" src=\"https:\/\/maricatotal.com.br\/site\/wp-content\/uploads\/2021\/06\/WhatsApp-Image-2021-06-25-at-14.21.39-1024x1024.jpeg\" alt=\"\" class=\"wp-image-25605\" srcset=\"https:\/\/maricatotal.com.br\/site\/wp-content\/uploads\/2021\/06\/WhatsApp-Image-2021-06-25-at-14.21.39-1024x1024.jpeg 1024w, https:\/\/maricatotal.com.br\/site\/wp-content\/uploads\/2021\/06\/WhatsApp-Image-2021-06-25-at-14.21.39-300x300.jpeg 300w, https:\/\/maricatotal.com.br\/site\/wp-content\/uploads\/2021\/06\/WhatsApp-Image-2021-06-25-at-14.21.39-150x150.jpeg 150w, https:\/\/maricatotal.com.br\/site\/wp-content\/uploads\/2021\/06\/WhatsApp-Image-2021-06-25-at-14.21.39-768x768.jpeg 768w, https:\/\/maricatotal.com.br\/site\/wp-content\/uploads\/2021\/06\/WhatsApp-Image-2021-06-25-at-14.21.39.jpeg 1280w\" sizes=\"auto, (max-width: 1024px) 100vw, 1024px\" \/><\/figure>\n","protected":false},"excerpt":{"rendered":"<p>A Secretaria de Defesa do Consumidor, atrav\u00e9s do PROCON\/MARIC\u00c1, realizou na manh\u00e3 desta sexta-feira, 25, uma a\u00e7\u00e3o fiscalizadora e educativa<\/p>\n","protected":false},"author":1,"featured_media":25603,"comment_status":"open","ping_status":"open","sticky":false,"template":"","format":"standard","meta":{"colormag_page_container_layout":"default_layout","colormag_page_sidebar_layout":"default_layout","footnotes":""},"categories":[14,17],"tags":[],"class_list":["post-25599","post","type-post","status-publish","format-standard","has-post-thumbnail","hentry","category-bairros","category-politica"],"amp_enabled":true,"_links":{"self":[{"href":"https:\/\/maricatotal.com.br\/site\/wp-json\/wp\/v2\/posts\/25599","targetHints":{"allow":["GET"]}}],"collection":[{"href":"https:\/\/maricatotal.com.br\/site\/wp-json\/wp\/v2\/posts"}],"about":[{"href":"https:\/\/maricatotal.com.br\/site\/wp-json\/wp\/v2\/types\/post"}],"author":[{"embeddable":true,"href":"https:\/\/maricatotal.com.br\/site\/wp-json\/wp\/v2\/users\/1"}],"replies":[{"embeddable":true,"href":"https:\/\/maricatotal.com.br\/site\/wp-json\/wp\/v2\/comments?post=25599"}],"version-history":[{"count":4,"href":"https:\/\/maricatotal.com.br\/site\/wp-json\/wp\/v2\/posts\/25599\/revisions"}],"predecessor-version":[{"id":25609,"href":"https:\/\/maricatotal.com.br\/site\/wp-json\/wp\/v2\/posts\/25599\/revisions\/25609"}],"wp:featuredmedia":[{"embeddable":true,"href":"https:\/\/maricatotal.com.br\/site\/wp-json\/wp\/v2\/media\/25603"}],"wp:attachment":[{"href":"https:\/\/maricatotal.com.br\/site\/wp-json\/wp\/v2\/media?parent=25599"}],"wp:term":[{"taxonomy":"category","embeddable":true,"href":"https:\/\/maricatotal.com.br\/site\/wp-json\/wp\/v2\/categories?post=25599"},{"taxonomy":"post_tag","embeddable":true,"href":"https:\/\/maricatotal.com.br\/site\/wp-json\/wp\/v2\/tags?post=25599"}],"curies":[{"name":"wp","href":"https:\/\/api.w.org\/{rel}","templated":true}]}}