{"id":25670,"date":"2021-06-28T12:38:32","date_gmt":"2021-06-28T15:38:32","guid":{"rendered":"https:\/\/maricatotal.com.br\/site\/?p=25670"},"modified":"2021-06-28T12:38:33","modified_gmt":"2021-06-28T15:38:33","slug":"ama-realiza-festa-julina-no-bairro-da-amizade-para-arrecadar-fundos","status":"publish","type":"post","link":"https:\/\/maricatotal.com.br\/site\/2021\/06\/28\/ama-realiza-festa-julina-no-bairro-da-amizade-para-arrecadar-fundos\/","title":{"rendered":"AMA realiza Festa Julina no Bairro da Amizade para arrecadar fundos"},"content":{"rendered":"\n<p>A Associa\u00e7\u00e3o de Moradores do Bairro da Amizade (AMA) realizar\u00e1 uma Festa Julina nos pr\u00f3ximos dias 09, 10 e 11 de Julho na Rua Prefeito Joaquim Mendes, na Pra\u00e7a Maria do Esp\u00edrito Santo, no Bairro da Amizade, em Maric\u00e1.<\/p>\n\n\n\n<p>O evento tem a finalidade de arrecadar fundos, pedindo para que os moradores levem um kg de alimento n\u00e3o perec\u00edvel para contribuir com a a\u00e7\u00e3o social.<\/p>\n\n\n\n<p>Cumprindo todas as normas exigidas pelos \u00f3rg\u00e3os de sa\u00fade de Maric\u00e1, a festa ser\u00e1 iniciada \u00e0s 19h. Quem tiver interesse em montar barraca, pode se dirigir at\u00e9 a Sede da organiza\u00e7\u00e3o e efetuar a inscri\u00e7\u00e3o. <\/p>\n","protected":false},"excerpt":{"rendered":"<p>A Associa\u00e7\u00e3o de Moradores do Bairro da Amizade (AMA) realizar\u00e1 uma Festa Julina nos pr\u00f3ximos dias 09, 10 e 11<\/p>\n","protected":false},"author":1,"featured_media":25671,"comment_status":"open","ping_status":"open","sticky":false,"template":"","format":"standard","meta":{"colormag_page_container_layout":"default_layout","colormag_page_sidebar_layout":"default_layout","footnotes":""},"categories":[14,18],"tags":[],"class_list":["post-25670","post","type-post","status-publish","format-standard","has-post-thumbnail","hentry","category-bairros","category-entretenimento"],"amp_enabled":true,"_links":{"self":[{"href":"https:\/\/maricatotal.com.br\/site\/wp-json\/wp\/v2\/posts\/25670","targetHints":{"allow":["GET"]}}],"collection":[{"href":"https:\/\/maricatotal.com.br\/site\/wp-json\/wp\/v2\/posts"}],"about":[{"href":"https:\/\/maricatotal.com.br\/site\/wp-json\/wp\/v2\/types\/post"}],"author":[{"embeddable":true,"href":"https:\/\/maricatotal.com.br\/site\/wp-json\/wp\/v2\/users\/1"}],"replies":[{"embeddable":true,"href":"https:\/\/maricatotal.com.br\/site\/wp-json\/wp\/v2\/comments?post=25670"}],"version-history":[{"count":1,"href":"https:\/\/maricatotal.com.br\/site\/wp-json\/wp\/v2\/posts\/25670\/revisions"}],"predecessor-version":[{"id":25672,"href":"https:\/\/maricatotal.com.br\/site\/wp-json\/wp\/v2\/posts\/25670\/revisions\/25672"}],"wp:featuredmedia":[{"embeddable":true,"href":"https:\/\/maricatotal.com.br\/site\/wp-json\/wp\/v2\/media\/25671"}],"wp:attachment":[{"href":"https:\/\/maricatotal.com.br\/site\/wp-json\/wp\/v2\/media?parent=25670"}],"wp:term":[{"taxonomy":"category","embeddable":true,"href":"https:\/\/maricatotal.com.br\/site\/wp-json\/wp\/v2\/categories?post=25670"},{"taxonomy":"post_tag","embeddable":true,"href":"https:\/\/maricatotal.com.br\/site\/wp-json\/wp\/v2\/tags?post=25670"}],"curies":[{"name":"wp","href":"https:\/\/api.w.org\/{rel}","templated":true}]}}