{"id":25718,"date":"2021-06-29T07:28:13","date_gmt":"2021-06-29T10:28:13","guid":{"rendered":"https:\/\/maricatotal.com.br\/site\/?p=25718"},"modified":"2021-06-29T07:28:15","modified_gmt":"2021-06-29T10:28:15","slug":"arraia-de-marica-esquenta-o-dia-de-sao-pedro","status":"publish","type":"post","link":"https:\/\/maricatotal.com.br\/site\/2021\/06\/29\/arraia-de-marica-esquenta-o-dia-de-sao-pedro\/","title":{"rendered":"Arrai\u00e1 de Maric\u00e1 esquenta o Dia de S\u00e3o Pedro"},"content":{"rendered":"\n<p>O Arrai\u00e1 de Maric\u00e1 est\u00e1 chegando ao fim. Nesta ter\u00e7a-feira, 29\/06, Dia de S\u00e3o Pedro, quem acessar as redes sociais da Prefeitura de Maric\u00e1 no Facebook ou no Youtube poder\u00e1 participar do \u00faltimo dia de festas juninas.<\/p>\n\n\n\n<p>A programa\u00e7\u00e3o que as secretarias de Turismo e Cultura prepararam em parceria com a Companhia de Desenvolvimento de Maric\u00e1 (Codemar) conta com mais uma apresenta\u00e7\u00e3o de Cristiano e sua boneca dan\u00e7arina, a Nega Clei; al\u00e9m dos shows de Lu\u00eds Fernando Estrela (14h), Canacaiana (14h50),&nbsp;Roberta T\u00edlio e Ricardo Agura (15h40), Monique Vidal (16h30),&nbsp;Ricardo Pop (17h20),&nbsp;Cynthia Moura (18h10),&nbsp;Angelo Paiva (19h),&nbsp;Betinho Bahia e Ismayer Alves (19h50),&nbsp;Forr\u00f3 Bom Demais (20h40)&nbsp;e DJ Marcio Albuquerque.<\/p>\n\n\n\n<p>\u201cSou m\u00fasico da cidade h\u00e1 mais de 20 anos, mas essa \u00e9 a primeira vez que vou participar de um show pela prefeitura. Ent\u00e3o, \u00e9 um evento que vai ser muito importante para mim. Eu sou muito agradecido pela oportunidade de fazer essa live, de ter essa visibilidade e a abertura de mostrar meu trabalho\u201d, comemora Lu\u00eds Fernando Estrela.<\/p>\n\n\n\n<p>Angela Paiva, conhecida como Anjinho dos Teclados, falou sobre a eterna gratid\u00e3o com a oportunidade recebida. \u201c\u00c9 uma experi\u00eancia que significa muito para mim. N\u00e3o consigo descrever a import\u00e2ncia dessa live para minha vida, para minha fam\u00edlia e meus projetos. Estarei sempre a disposi\u00e7\u00e3o de Maric\u00e1, que \u00e9 uma cidade que eu amo, e de todos que nos d\u00e3o esse suporte para realizar nosso trabalho, de suma import\u00e2ncia. Obrigado a todos que trabalham para que isso se realize\u201d, agradeceu.<\/p>\n\n\n\n<p>Nesta ter\u00e7a-feira (29) essas feras v\u00e3o mostrar um pouquinho de seus trabalhos. Junte a fam\u00edlia na sala e participe. Voc\u00ea n\u00e3o vai se arrepender!<\/p>\n","protected":false},"excerpt":{"rendered":"<p>O Arrai\u00e1 de Maric\u00e1 est\u00e1 chegando ao fim. Nesta ter\u00e7a-feira, 29\/06, Dia de S\u00e3o Pedro, quem acessar as redes sociais<\/p>\n","protected":false},"author":1,"featured_media":25719,"comment_status":"open","ping_status":"open","sticky":false,"template":"","format":"standard","meta":{"colormag_page_container_layout":"default_layout","colormag_page_sidebar_layout":"default_layout","footnotes":""},"categories":[18],"tags":[],"class_list":["post-25718","post","type-post","status-publish","format-standard","has-post-thumbnail","hentry","category-entretenimento"],"amp_enabled":true,"_links":{"self":[{"href":"https:\/\/maricatotal.com.br\/site\/wp-json\/wp\/v2\/posts\/25718","targetHints":{"allow":["GET"]}}],"collection":[{"href":"https:\/\/maricatotal.com.br\/site\/wp-json\/wp\/v2\/posts"}],"about":[{"href":"https:\/\/maricatotal.com.br\/site\/wp-json\/wp\/v2\/types\/post"}],"author":[{"embeddable":true,"href":"https:\/\/maricatotal.com.br\/site\/wp-json\/wp\/v2\/users\/1"}],"replies":[{"embeddable":true,"href":"https:\/\/maricatotal.com.br\/site\/wp-json\/wp\/v2\/comments?post=25718"}],"version-history":[{"count":1,"href":"https:\/\/maricatotal.com.br\/site\/wp-json\/wp\/v2\/posts\/25718\/revisions"}],"predecessor-version":[{"id":25720,"href":"https:\/\/maricatotal.com.br\/site\/wp-json\/wp\/v2\/posts\/25718\/revisions\/25720"}],"wp:featuredmedia":[{"embeddable":true,"href":"https:\/\/maricatotal.com.br\/site\/wp-json\/wp\/v2\/media\/25719"}],"wp:attachment":[{"href":"https:\/\/maricatotal.com.br\/site\/wp-json\/wp\/v2\/media?parent=25718"}],"wp:term":[{"taxonomy":"category","embeddable":true,"href":"https:\/\/maricatotal.com.br\/site\/wp-json\/wp\/v2\/categories?post=25718"},{"taxonomy":"post_tag","embeddable":true,"href":"https:\/\/maricatotal.com.br\/site\/wp-json\/wp\/v2\/tags?post=25718"}],"curies":[{"name":"wp","href":"https:\/\/api.w.org\/{rel}","templated":true}]}}