{"id":25721,"date":"2021-06-29T07:30:13","date_gmt":"2021-06-29T10:30:13","guid":{"rendered":"https:\/\/maricatotal.com.br\/site\/?p=25721"},"modified":"2021-06-29T07:30:15","modified_gmt":"2021-06-29T10:30:15","slug":"saude-e-ictim-iniciam-nova-etapa-da-pesquisa-sentinela-marica","status":"publish","type":"post","link":"https:\/\/maricatotal.com.br\/site\/2021\/06\/29\/saude-e-ictim-iniciam-nova-etapa-da-pesquisa-sentinela-marica\/","title":{"rendered":"Sa\u00fade e ICTIM iniciam nova etapa da pesquisa Sentinela Maric\u00e1"},"content":{"rendered":"\n<p>Mais uma etapa da pesquisa Sentinela Maric\u00e1 foi iniciada nesta segunda-feira (28\/06) para continuar com a coleta de dados sobre a Covid-19 na cidade. Nela, os moradores responderam ao question\u00e1rio e tamb\u00e9m passaram por testagem com exames de swab e sorologia. Os entrevistadores s\u00e3o todos agentes do Comit\u00ea de Defesa dos Bairros (CDB) e passaram por treinamento na Subsecretaria de Sa\u00fade.<\/p>\n\n\n\n<p>As seis equipes, que contam ainda um aplicador para os exames, um agente comunit\u00e1rio de sa\u00fade e um motorista, circularam neste primeiro dia por bairros pr\u00f3ximos ao Centro da cidade. Uma delas passou por Ara\u00e7atiba, onde visitou moradores da parte alta do bairro. Um deles foi a engenheira civil Carolina Castro de Oliveira, de 35 anos, que revelou j\u00e1 ter sido contaminada pelo novo coronav\u00edrus e apresentou sintomas leves.<\/p>\n\n\n\n<p>\u201cVejo que essa pesquisa \u00e9 para nos ajudar, porque muita gente ainda n\u00e3o sabe como lidar com a doen\u00e7a e nem sabe como ela \u00e9 severa. Ajuda a ter mais consci\u00eancia\u201d, avaliou ela. Mesma opini\u00e3o tem o militar reformado Roberto Machado, de 61 anos, que tamb\u00e9m recebeu a equipe em sua casa. \u201c\u00c9 preciso que as pessoas estejam mais conscientes. Muita gente ainda n\u00e3o foi tomar a segunda dose, e tem que tomar. Acho esse trabalho muito importante\u201d, afirmou.<\/p>\n\n\n\n<p>Para o diretor-presidente do ICTIM, Celso Pansera, o primeiro ponto que o estudo indicou \u00e9 que a vacina tem valor efetivo na redu\u00e7\u00e3o da circula\u00e7\u00e3o do v\u00edrus, mas que os cuidados devem continuar. \u201cA segunda coisa \u00e9 que, em que se pese a efic\u00e1cia da vacina\u00e7\u00e3o, ainda h\u00e1 muitas pessoas infectadas, ou seja, os \u00edndices ainda est\u00e3o preocupantes. Esperamos que com essa nova rodada possamos al\u00e9m de medir se a incid\u00eancia diminui, tamb\u00e9m refor\u00e7ar aos moradores que o cuidado precisa continuar\u201d, projetou.<\/p>\n\n\n\n<p>A pesquisa Sentinela Maric\u00e1 \u00e9 uma parceria da Secretaria de Sa\u00fade com o Instituto de Ci\u00eancia, Tecnologia e Inova\u00e7\u00e3o de Maric\u00e1 (ICTIM), cuja meta \u00e9 visitar 1.155 domic\u00edlios at\u00e9 o m\u00eas que vem em tr\u00eas ciclos de 385 cada. O coordenador da pesquisa e chefe de gabinete do ICTIM, Carlos Senna, disse que o grupo de trabalho far\u00e1 uma nova avalia\u00e7\u00e3o dos resultados nesta semana. \u201cAtrav\u00e9s do que coletarmos de informa\u00e7\u00f5es, poderemos formar um perfil da estrat\u00e9gia a ser adotada na cidade no combate ao v\u00edrus\u201d, explica.<\/p>\n\n\n\n<p>O \u00f3rg\u00e3o refor\u00e7a que os resultados n\u00e3o ser\u00e3o publicados, e sim utilizados internamente nas estrat\u00e9gias de combate \u00e0 pandemia. As outras duas \u00e1reas cobertas pela pesquisa s\u00e3o o entorno de Ino\u00e3 e Manoel Ribeiro, com base em dados fornecidos pelo censo de 2010 do IBGE.<\/p>\n\n\n\n<p>Em cada resid\u00eancia, \u00e9 escolhido para a testagem um morador acima de 18 anos com data de anivers\u00e1rio futura mais pr\u00f3xima ao dia da visita. Um dos objetivos \u00e9 medir a efic\u00e1cia da vacina\u00e7\u00e3o aplicada at\u00e9 o momento em parte da popula\u00e7\u00e3o.<\/p>\n","protected":false},"excerpt":{"rendered":"<p>Mais uma etapa da pesquisa Sentinela Maric\u00e1 foi iniciada nesta segunda-feira (28\/06) para continuar com a coleta de dados sobre<\/p>\n","protected":false},"author":1,"featured_media":25722,"comment_status":"open","ping_status":"open","sticky":false,"template":"","format":"standard","meta":{"colormag_page_container_layout":"default_layout","colormag_page_sidebar_layout":"default_layout","footnotes":""},"categories":[14,17],"tags":[],"class_list":["post-25721","post","type-post","status-publish","format-standard","has-post-thumbnail","hentry","category-bairros","category-politica"],"amp_enabled":true,"_links":{"self":[{"href":"https:\/\/maricatotal.com.br\/site\/wp-json\/wp\/v2\/posts\/25721","targetHints":{"allow":["GET"]}}],"collection":[{"href":"https:\/\/maricatotal.com.br\/site\/wp-json\/wp\/v2\/posts"}],"about":[{"href":"https:\/\/maricatotal.com.br\/site\/wp-json\/wp\/v2\/types\/post"}],"author":[{"embeddable":true,"href":"https:\/\/maricatotal.com.br\/site\/wp-json\/wp\/v2\/users\/1"}],"replies":[{"embeddable":true,"href":"https:\/\/maricatotal.com.br\/site\/wp-json\/wp\/v2\/comments?post=25721"}],"version-history":[{"count":1,"href":"https:\/\/maricatotal.com.br\/site\/wp-json\/wp\/v2\/posts\/25721\/revisions"}],"predecessor-version":[{"id":25723,"href":"https:\/\/maricatotal.com.br\/site\/wp-json\/wp\/v2\/posts\/25721\/revisions\/25723"}],"wp:featuredmedia":[{"embeddable":true,"href":"https:\/\/maricatotal.com.br\/site\/wp-json\/wp\/v2\/media\/25722"}],"wp:attachment":[{"href":"https:\/\/maricatotal.com.br\/site\/wp-json\/wp\/v2\/media?parent=25721"}],"wp:term":[{"taxonomy":"category","embeddable":true,"href":"https:\/\/maricatotal.com.br\/site\/wp-json\/wp\/v2\/categories?post=25721"},{"taxonomy":"post_tag","embeddable":true,"href":"https:\/\/maricatotal.com.br\/site\/wp-json\/wp\/v2\/tags?post=25721"}],"curies":[{"name":"wp","href":"https:\/\/api.w.org\/{rel}","templated":true}]}}