{"id":25729,"date":"2021-06-29T09:49:46","date_gmt":"2021-06-29T12:49:46","guid":{"rendered":"https:\/\/maricatotal.com.br\/site\/?p=25729"},"modified":"2021-06-29T09:51:22","modified_gmt":"2021-06-29T12:51:22","slug":"frente-fria-muda-clima-em-marica","status":"publish","type":"post","link":"https:\/\/maricatotal.com.br\/site\/2021\/06\/29\/frente-fria-muda-clima-em-marica\/","title":{"rendered":"Frente fria muda clima em Maric\u00e1"},"content":{"rendered":"\n<p>Maric\u00e1 pode registrar pancadas de chuva neste ter\u00e7a-feira, 29, de acordo com o Instituto Climatempo de meteorologia.<\/p>\n\n\n\n<p>Segundo o Climatempo, a cidade pode registrar uma mudan\u00e7a no tempo nesta ter\u00e7a-feira que pode ser sentida at\u00e9 o fim de semana.<\/p>\n\n\n\n<p>A chuva deve cair pela tarde ou parte da noite em pontos isolados de Maric\u00e1. H\u00e1 tamb\u00e9m previs\u00e3o de queda na temperatura devido a frente fria. Maric\u00e1 pode registrar at\u00e9 14\u00b0.<\/p>\n","protected":false},"excerpt":{"rendered":"<p>Maric\u00e1 pode registrar pancadas de chuva neste ter\u00e7a-feira, 29, de acordo com o Instituto Climatempo de meteorologia. Segundo o Climatempo,<\/p>\n","protected":false},"author":1,"featured_media":25732,"comment_status":"open","ping_status":"open","sticky":false,"template":"","format":"standard","meta":{"colormag_page_container_layout":"default_layout","colormag_page_sidebar_layout":"default_layout","footnotes":""},"categories":[14],"tags":[],"class_list":["post-25729","post","type-post","status-publish","format-standard","has-post-thumbnail","hentry","category-bairros"],"amp_enabled":true,"_links":{"self":[{"href":"https:\/\/maricatotal.com.br\/site\/wp-json\/wp\/v2\/posts\/25729","targetHints":{"allow":["GET"]}}],"collection":[{"href":"https:\/\/maricatotal.com.br\/site\/wp-json\/wp\/v2\/posts"}],"about":[{"href":"https:\/\/maricatotal.com.br\/site\/wp-json\/wp\/v2\/types\/post"}],"author":[{"embeddable":true,"href":"https:\/\/maricatotal.com.br\/site\/wp-json\/wp\/v2\/users\/1"}],"replies":[{"embeddable":true,"href":"https:\/\/maricatotal.com.br\/site\/wp-json\/wp\/v2\/comments?post=25729"}],"version-history":[{"count":2,"href":"https:\/\/maricatotal.com.br\/site\/wp-json\/wp\/v2\/posts\/25729\/revisions"}],"predecessor-version":[{"id":25733,"href":"https:\/\/maricatotal.com.br\/site\/wp-json\/wp\/v2\/posts\/25729\/revisions\/25733"}],"wp:featuredmedia":[{"embeddable":true,"href":"https:\/\/maricatotal.com.br\/site\/wp-json\/wp\/v2\/media\/25732"}],"wp:attachment":[{"href":"https:\/\/maricatotal.com.br\/site\/wp-json\/wp\/v2\/media?parent=25729"}],"wp:term":[{"taxonomy":"category","embeddable":true,"href":"https:\/\/maricatotal.com.br\/site\/wp-json\/wp\/v2\/categories?post=25729"},{"taxonomy":"post_tag","embeddable":true,"href":"https:\/\/maricatotal.com.br\/site\/wp-json\/wp\/v2\/tags?post=25729"}],"curies":[{"name":"wp","href":"https:\/\/api.w.org\/{rel}","templated":true}]}}