{"id":25750,"date":"2021-06-29T12:33:27","date_gmt":"2021-06-29T15:33:27","guid":{"rendered":"https:\/\/maricatotal.com.br\/site\/?p=25750"},"modified":"2021-06-29T12:58:02","modified_gmt":"2021-06-29T15:58:02","slug":"homem-fica-ferido-em-acidente-entre-onibus-e-vlt-no-centro-do-rio","status":"publish","type":"post","link":"https:\/\/maricatotal.com.br\/site\/2021\/06\/29\/homem-fica-ferido-em-acidente-entre-onibus-e-vlt-no-centro-do-rio\/","title":{"rendered":"Homem fica ferido em acidente entre \u00f4nibus e VLT no Centro do Rio"},"content":{"rendered":"\n<p>Um homem ficou levemente ferido em um acidente entre um \u00f4nibus da empresa Nossa Senhora do Amparo e um Ve\u00edculo Leve sobre Trilhos (VLT), na Avenida Presidente Vargas, esquina com Avenida Rio Branco, no Centro do Rio de Janeiro, na manh\u00e3 desta ter\u00e7a-feira (29).<\/p>\n\n\n\n<p>Segundo informa\u00e7\u00f5es, o acidente aconteceu por volta das 8h da manh\u00e3. Com o impacto da batida, um homem teve ferimentos leves pelo corpo.<\/p>\n\n\n\n<p>O Corpo de Bombeiros foi acionado e prestou os socorros para a v\u00edtima que n\u00e3o precisou ser levada para o hospital.<\/p>\n\n\n\n<p>Um grande tr\u00e2nsito se formou no sentido Pra\u00e7a da Bandeira, sendo desviado pela Rua Primeiro de Mar\u00e7o.<\/p>\n","protected":false},"excerpt":{"rendered":"<p>Um homem ficou levemente ferido em um acidente entre um \u00f4nibus da empresa Nossa Senhora do Amparo e um Ve\u00edculo<\/p>\n","protected":false},"author":1,"featured_media":25751,"comment_status":"open","ping_status":"open","sticky":false,"template":"","format":"standard","meta":{"colormag_page_container_layout":"default_layout","colormag_page_sidebar_layout":"default_layout","footnotes":""},"categories":[14],"tags":[],"class_list":["post-25750","post","type-post","status-publish","format-standard","has-post-thumbnail","hentry","category-bairros"],"amp_enabled":true,"_links":{"self":[{"href":"https:\/\/maricatotal.com.br\/site\/wp-json\/wp\/v2\/posts\/25750","targetHints":{"allow":["GET"]}}],"collection":[{"href":"https:\/\/maricatotal.com.br\/site\/wp-json\/wp\/v2\/posts"}],"about":[{"href":"https:\/\/maricatotal.com.br\/site\/wp-json\/wp\/v2\/types\/post"}],"author":[{"embeddable":true,"href":"https:\/\/maricatotal.com.br\/site\/wp-json\/wp\/v2\/users\/1"}],"replies":[{"embeddable":true,"href":"https:\/\/maricatotal.com.br\/site\/wp-json\/wp\/v2\/comments?post=25750"}],"version-history":[{"count":5,"href":"https:\/\/maricatotal.com.br\/site\/wp-json\/wp\/v2\/posts\/25750\/revisions"}],"predecessor-version":[{"id":25757,"href":"https:\/\/maricatotal.com.br\/site\/wp-json\/wp\/v2\/posts\/25750\/revisions\/25757"}],"wp:featuredmedia":[{"embeddable":true,"href":"https:\/\/maricatotal.com.br\/site\/wp-json\/wp\/v2\/media\/25751"}],"wp:attachment":[{"href":"https:\/\/maricatotal.com.br\/site\/wp-json\/wp\/v2\/media?parent=25750"}],"wp:term":[{"taxonomy":"category","embeddable":true,"href":"https:\/\/maricatotal.com.br\/site\/wp-json\/wp\/v2\/categories?post=25750"},{"taxonomy":"post_tag","embeddable":true,"href":"https:\/\/maricatotal.com.br\/site\/wp-json\/wp\/v2\/tags?post=25750"}],"curies":[{"name":"wp","href":"https:\/\/api.w.org\/{rel}","templated":true}]}}