{"id":2583,"date":"2019-07-29T11:57:15","date_gmt":"2019-07-29T14:57:15","guid":{"rendered":"http:\/\/maricatotal.com.br\/site\/?p=2583"},"modified":"2019-07-29T11:57:17","modified_gmt":"2019-07-29T14:57:17","slug":"michel-telo-e-paralamas-do-sucesso-agitam-festa-da-padroeira-de-marica","status":"publish","type":"post","link":"https:\/\/maricatotal.com.br\/site\/2019\/07\/29\/michel-telo-e-paralamas-do-sucesso-agitam-festa-da-padroeira-de-marica\/","title":{"rendered":"MICHEL TEL\u00d3 E PARALAMAS DO SUCESSO AGITAM FESTA DA PADROEIRA DE MARIC\u00c1"},"content":{"rendered":"\n<p>O pr\u00f3ximo 15\/08 \u00e9 dia de Nossa Senhora do Amparo, padroeira do munic\u00edpio. E para homenage\u00e1-la, a Prefeitura de Maric\u00e1, por meio da Coordenadoria de Assuntos Religiosos, preparou uma programa\u00e7\u00e3o pra l\u00e1 de especial. Al\u00e9m da j\u00e1 tradicional prociss\u00e3o dos romeiros, a celebra\u00e7\u00e3o contar\u00e1 com shows de cantores locais e artistas consagrados. Todos os shows ser\u00e3o na Pra\u00e7a Orlando de Barros Pimentel, no Centro.<\/p>\n\n\n\n<p>Segue a programa\u00e7\u00e3o:<\/p>\n\n\n\n<p>LOCAL: PRA\u00c7A ORLANDO DE BARROS PIMENTEL \u2013 CENTRO<\/p>\n\n\n\n<p><strong>QUARTA FEIRA \u2013 14 DE AGOSTO<\/strong><\/p>\n\n\n\n<p>20h \u2013 SOM MEC\u00c2NICO COM DJ<\/p>\n\n\n\n<p>21h \u2013 SHOW CAT\u00d3LICO COM O CANTOR THIAGO BRADO.<\/p>\n\n\n\n<p>02h \u2013 T\u00c9RMINO<\/p>\n\n\n\n<p><strong>QUINTA FEIRA \u2013 15 DE AGOSTO \u2013 DIA DA PADROEIRA<\/strong><\/p>\n\n\n\n<p>20h \u2013 SOM MEC\u00c2NICO COM DJ<\/p>\n\n\n\n<p>20h30min \u2013 SHOW CAT\u00d3LICO COM O PADRE ALESSANDRO CAMPOS.<\/p>\n\n\n\n<p>02h \u2013 T\u00c9RMINO<\/p>\n\n\n\n<p><strong>SEXTA FEIRA \u2013 16 DE AGOSTO<\/strong><\/p>\n\n\n\n<p>19h \u2013 SOM MEC\u00c2NICO COM DJ<\/p>\n\n\n\n<p>20h \u2013 SHOW COM A BANDA TATUDOEMCASA<\/p>\n\n\n\n<p>23h \u2013 SHOW COM O CANTOR MICHEL TEL\u00d3<\/p>\n\n\n\n<p>02h \u2013 T\u00c9RMINO<\/p>\n\n\n\n<p><strong>S\u00c1BADO \u2013 17 DE AGOSTO<\/strong><\/p>\n\n\n\n<p>19h \u2013 SOM MEC\u00c2NICO COM DJ<\/p>\n\n\n\n<p>20h30min \u2013 SHOW COM O CANTOR RAFAEL CA\u00c7ULA<\/p>\n\n\n\n<p>23h \u2013 SHOW COM O CANTOR SUEL<\/p>\n\n\n\n<p>02h \u2013 T\u00c9RMINO<\/p>\n\n\n\n<p><strong>DOMINGO \u2013 18 DE AGOSTO<\/strong><\/p>\n\n\n\n<p>19h \u2013 SOM MEC\u00c2NICO COM DJ<\/p>\n\n\n\n<p>20h \u2013 SHOW COM A CANTORA MARIANNA CUNHA<\/p>\n\n\n\n<p>22h \u2013 SHOW COM PARALAMAS DO SUCESSO<\/p>\n\n\n\n<p>24h \u2013 T\u00c9RMINO<\/p>\n","protected":false},"excerpt":{"rendered":"<p>O pr\u00f3ximo 15\/08 \u00e9 dia de Nossa Senhora do Amparo, padroeira do munic\u00edpio. E para homenage\u00e1-la, a Prefeitura de Maric\u00e1,<\/p>\n","protected":false},"author":1,"featured_media":2584,"comment_status":"open","ping_status":"open","sticky":false,"template":"","format":"standard","meta":{"colormag_page_container_layout":"default_layout","colormag_page_sidebar_layout":"default_layout","footnotes":""},"categories":[18],"tags":[],"class_list":["post-2583","post","type-post","status-publish","format-standard","has-post-thumbnail","hentry","category-entretenimento"],"amp_enabled":true,"_links":{"self":[{"href":"https:\/\/maricatotal.com.br\/site\/wp-json\/wp\/v2\/posts\/2583","targetHints":{"allow":["GET"]}}],"collection":[{"href":"https:\/\/maricatotal.com.br\/site\/wp-json\/wp\/v2\/posts"}],"about":[{"href":"https:\/\/maricatotal.com.br\/site\/wp-json\/wp\/v2\/types\/post"}],"author":[{"embeddable":true,"href":"https:\/\/maricatotal.com.br\/site\/wp-json\/wp\/v2\/users\/1"}],"replies":[{"embeddable":true,"href":"https:\/\/maricatotal.com.br\/site\/wp-json\/wp\/v2\/comments?post=2583"}],"version-history":[{"count":0,"href":"https:\/\/maricatotal.com.br\/site\/wp-json\/wp\/v2\/posts\/2583\/revisions"}],"wp:featuredmedia":[{"embeddable":true,"href":"https:\/\/maricatotal.com.br\/site\/wp-json\/wp\/v2\/media\/2584"}],"wp:attachment":[{"href":"https:\/\/maricatotal.com.br\/site\/wp-json\/wp\/v2\/media?parent=2583"}],"wp:term":[{"taxonomy":"category","embeddable":true,"href":"https:\/\/maricatotal.com.br\/site\/wp-json\/wp\/v2\/categories?post=2583"},{"taxonomy":"post_tag","embeddable":true,"href":"https:\/\/maricatotal.com.br\/site\/wp-json\/wp\/v2\/tags?post=2583"}],"curies":[{"name":"wp","href":"https:\/\/api.w.org\/{rel}","templated":true}]}}