{"id":25836,"date":"2021-07-01T14:10:45","date_gmt":"2021-07-01T17:10:45","guid":{"rendered":"https:\/\/maricatotal.com.br\/site\/?p=25836"},"modified":"2021-07-01T14:12:13","modified_gmt":"2021-07-01T17:12:13","slug":"inss-prova-de-vida-volta-a-ser-exigida-a-partir-de-hoje","status":"publish","type":"post","link":"https:\/\/maricatotal.com.br\/site\/2021\/07\/01\/inss-prova-de-vida-volta-a-ser-exigida-a-partir-de-hoje\/","title":{"rendered":"INSS: Prova de vida volta a ser exigida a partir de hoje"},"content":{"rendered":"\n<p>Os servidores do Poder Executivo aposentados e pensionistas, que recebem pelo Regime Pr\u00f3prio de Previd\u00eancia Social, dever\u00e3o voltar a fazer a prova de vida a partir de hoje (1\u00ba) para n\u00e3o terem os benef\u00edcios cortados.<\/p>\n\n\n\n<p>O procedimento que estava suspenso desde mar\u00e7o de 2020 por causa da pandemia de covid-19, voltou a ser exigido e deve ser feito at\u00e9 30 de setembro, na maioria dos casos.<\/p>\n\n\n\n<p>A obriga\u00e7\u00e3o tamb\u00e9m vale para os anistiados pol\u00edticos civis. O calend\u00e1rio ser\u00e1 escalonado de acordo com o m\u00eas de nascimento. Quem nasceu de janeiro a julho tem at\u00e9 30 de setembro para fazer a prova de vida de 2020 e de 2021. Quem nasceu nos meses seguintes obedece a um cronograma distinto para a prova de vida de cada ano, conforme o calend\u00e1rio abaixo.<\/p>\n\n\n\n<p>A prova de vida deve ser feita na ag\u00eancia banc\u00e1ria onde o servidor inativo, pensionista ou anistiado pol\u00edtico recebe o pagamento. Algumas institui\u00e7\u00f5es financeiras oferecem canais digitais, como caixas eletr\u00f4nicos e aplicativos m\u00f3veis. O cidad\u00e3o deve consultar as op\u00e7\u00f5es dispon\u00edveis no seu banco.<\/p>\n\n\n\n<p>Caso tenha biometria cadastrada no Tribunal Superior Eleitoral (TSE) ou no Departamento Nacional de Tr\u00e2nsito (Denatran), o procedimento pode ser feito pelo celular, no aplicativo Meu Gov.br. As orienta\u00e7\u00f5es para a prova de vida digital est\u00e3o dispon\u00edveis no aplicativo SouGov.br.<\/p>\n\n\n\n<p>Casos excepcionais, como benefici\u00e1rios internados em unidades de sa\u00fade ou encarcerados ou visitas t\u00e9cnicas para quem n\u00e3o pode se deslocar, s\u00e3o regulamentadas pela Portaria 244 e pela Instru\u00e7\u00e3o Normativa 45.<\/p>\n\n\n\n<p>Quem n\u00e3o fizer a comprova\u00e7\u00e3o de vida at\u00e9 o fim deste m\u00eas ser\u00e1 notificado at\u00e9 10 de agosto, para faz\u00ea-la em at\u00e9 30 dias a partir do recebimento da notifica\u00e7\u00e3o. Mesmo assim, o Minist\u00e9rio da Economia informa que a data limite, na maioria dos casos est\u00e1 definida para 30 de setembro. O procedimento deve ser feito uma vez por ano, no m\u00eas do anivers\u00e1rio.<\/p>\n","protected":false},"excerpt":{"rendered":"<p>Os servidores do Poder Executivo aposentados e pensionistas, que recebem pelo Regime Pr\u00f3prio de Previd\u00eancia Social, dever\u00e3o voltar a fazer<\/p>\n","protected":false},"author":1,"featured_media":25838,"comment_status":"open","ping_status":"open","sticky":false,"template":"","format":"standard","meta":{"colormag_page_container_layout":"default_layout","colormag_page_sidebar_layout":"default_layout","footnotes":""},"categories":[14,17],"tags":[],"class_list":["post-25836","post","type-post","status-publish","format-standard","has-post-thumbnail","hentry","category-bairros","category-politica"],"amp_enabled":true,"_links":{"self":[{"href":"https:\/\/maricatotal.com.br\/site\/wp-json\/wp\/v2\/posts\/25836","targetHints":{"allow":["GET"]}}],"collection":[{"href":"https:\/\/maricatotal.com.br\/site\/wp-json\/wp\/v2\/posts"}],"about":[{"href":"https:\/\/maricatotal.com.br\/site\/wp-json\/wp\/v2\/types\/post"}],"author":[{"embeddable":true,"href":"https:\/\/maricatotal.com.br\/site\/wp-json\/wp\/v2\/users\/1"}],"replies":[{"embeddable":true,"href":"https:\/\/maricatotal.com.br\/site\/wp-json\/wp\/v2\/comments?post=25836"}],"version-history":[{"count":2,"href":"https:\/\/maricatotal.com.br\/site\/wp-json\/wp\/v2\/posts\/25836\/revisions"}],"predecessor-version":[{"id":25839,"href":"https:\/\/maricatotal.com.br\/site\/wp-json\/wp\/v2\/posts\/25836\/revisions\/25839"}],"wp:featuredmedia":[{"embeddable":true,"href":"https:\/\/maricatotal.com.br\/site\/wp-json\/wp\/v2\/media\/25838"}],"wp:attachment":[{"href":"https:\/\/maricatotal.com.br\/site\/wp-json\/wp\/v2\/media?parent=25836"}],"wp:term":[{"taxonomy":"category","embeddable":true,"href":"https:\/\/maricatotal.com.br\/site\/wp-json\/wp\/v2\/categories?post=25836"},{"taxonomy":"post_tag","embeddable":true,"href":"https:\/\/maricatotal.com.br\/site\/wp-json\/wp\/v2\/tags?post=25836"}],"curies":[{"name":"wp","href":"https:\/\/api.w.org\/{rel}","templated":true}]}}