{"id":25844,"date":"2021-07-01T14:30:44","date_gmt":"2021-07-01T17:30:44","guid":{"rendered":"https:\/\/maricatotal.com.br\/site\/?p=25844"},"modified":"2021-07-01T14:30:46","modified_gmt":"2021-07-01T17:30:46","slug":"itaipuacu-e-ponta-negra-receberao-saneamento-afirma-presidente-da-sanemar","status":"publish","type":"post","link":"https:\/\/maricatotal.com.br\/site\/2021\/07\/01\/itaipuacu-e-ponta-negra-receberao-saneamento-afirma-presidente-da-sanemar\/","title":{"rendered":"Itaipua\u00e7u e Ponta Negra receber\u00e3o saneamento, afirma presidente da Sanemar"},"content":{"rendered":"\n<p>A presidente da Companhia de Saneamento de Maric\u00e1\u00a0 (Sanemar), Rita Rocha, afirmou que levar\u00e1 saneamento para as regi\u00f5es de Itaipua\u00e7u e Ponta Negra.<\/p>\n\n\n\n<p>A informa\u00e7\u00e3o foi confirmada na reuni\u00e3o que aconteceu no Pal\u00e1cio da Guanabara, no Rio de Janeiro, onde a empresa obteve autoriza\u00e7\u00e3o do Conselho Deliberativo da Regi\u00e3o Metropolitana (IRM) para continuar realizando o servi\u00e7o de esgotamento sanit\u00e1rio no munic\u00edpio at\u00e9 31 de dezembro de 2028.<\/p>\n\n\n\n<p>\u201cEm breve estaremos chegando com o saneamento para as regi\u00f5es de Ponta Negra e Itaipua\u00e7u\u201d, contou.<\/p>\n\n\n\n<p>Moradores dos dois distritos vem constantemente pedindo saneamento para os bairros que s\u00e3o uns dos maiores do munic\u00edpio de Maric\u00e1. <\/p>\n","protected":false},"excerpt":{"rendered":"<p>A presidente da Companhia de Saneamento de Maric\u00e1\u00a0 (Sanemar), Rita Rocha, afirmou que levar\u00e1 saneamento para as regi\u00f5es de Itaipua\u00e7u<\/p>\n","protected":false},"author":1,"featured_media":25845,"comment_status":"open","ping_status":"open","sticky":false,"template":"","format":"standard","meta":{"colormag_page_container_layout":"default_layout","colormag_page_sidebar_layout":"default_layout","footnotes":""},"categories":[14,17],"tags":[],"class_list":["post-25844","post","type-post","status-publish","format-standard","has-post-thumbnail","hentry","category-bairros","category-politica"],"amp_enabled":true,"_links":{"self":[{"href":"https:\/\/maricatotal.com.br\/site\/wp-json\/wp\/v2\/posts\/25844","targetHints":{"allow":["GET"]}}],"collection":[{"href":"https:\/\/maricatotal.com.br\/site\/wp-json\/wp\/v2\/posts"}],"about":[{"href":"https:\/\/maricatotal.com.br\/site\/wp-json\/wp\/v2\/types\/post"}],"author":[{"embeddable":true,"href":"https:\/\/maricatotal.com.br\/site\/wp-json\/wp\/v2\/users\/1"}],"replies":[{"embeddable":true,"href":"https:\/\/maricatotal.com.br\/site\/wp-json\/wp\/v2\/comments?post=25844"}],"version-history":[{"count":1,"href":"https:\/\/maricatotal.com.br\/site\/wp-json\/wp\/v2\/posts\/25844\/revisions"}],"predecessor-version":[{"id":25846,"href":"https:\/\/maricatotal.com.br\/site\/wp-json\/wp\/v2\/posts\/25844\/revisions\/25846"}],"wp:featuredmedia":[{"embeddable":true,"href":"https:\/\/maricatotal.com.br\/site\/wp-json\/wp\/v2\/media\/25845"}],"wp:attachment":[{"href":"https:\/\/maricatotal.com.br\/site\/wp-json\/wp\/v2\/media?parent=25844"}],"wp:term":[{"taxonomy":"category","embeddable":true,"href":"https:\/\/maricatotal.com.br\/site\/wp-json\/wp\/v2\/categories?post=25844"},{"taxonomy":"post_tag","embeddable":true,"href":"https:\/\/maricatotal.com.br\/site\/wp-json\/wp\/v2\/tags?post=25844"}],"curies":[{"name":"wp","href":"https:\/\/api.w.org\/{rel}","templated":true}]}}