{"id":25858,"date":"2021-07-01T18:50:42","date_gmt":"2021-07-01T21:50:42","guid":{"rendered":"https:\/\/maricatotal.com.br\/site\/?p=25858"},"modified":"2021-07-01T18:50:44","modified_gmt":"2021-07-01T21:50:44","slug":"agua-tratada-chegara-ao-centro-de-bambui-nos-proximos-meses","status":"publish","type":"post","link":"https:\/\/maricatotal.com.br\/site\/2021\/07\/01\/agua-tratada-chegara-ao-centro-de-bambui-nos-proximos-meses\/","title":{"rendered":"\u00c1gua tratada chegar\u00e1 ao Centro de Bambu\u00ed nos pr\u00f3ximos meses"},"content":{"rendered":"\n<p>Moradores do bairro de Bambu\u00ed comemoraram a chegada de parte dos 9km de tubula\u00e7\u00e3o de rede distribuidora de \u00e1gua que vai levar \u00e1gua tratada para centenas de resid\u00eancias, no final da tarde dessa quarta-feira (30\/06), na pra\u00e7a da regi\u00e3o. Uma parceria entre a prefeitura, por meio da Companhia de Saneamento de Maric\u00e1 (Sanemar), a autarquia de Servi\u00e7os de Obras de Maric\u00e1 (Somar) e a Cedae vai tornar poss\u00edvel o sonho da \u00e1gua encanada dentro de alguns meses.<\/p>\n\n\n\n<p>Na primeira fase da obra ser\u00e3o realizadas 400 liga\u00e7\u00f5es beneficiando em m\u00e9dia 1500 moradores, que hoje sofrem com uma alta concentra\u00e7\u00e3o de ferro e mangan\u00eas na \u00e1gua dos po\u00e7os. A tubula\u00e7\u00e3o chegou essa semana, mas o preparo para receber o material se iniciou h\u00e1 20 dias, com cortes no asfalto que come\u00e7aram na Avenida Maysa, na altura da Rua 112, em Cordeirinho e j\u00e1 chegaram a Bambu\u00ed.<\/p>\n\n\n\n<p>Para o presidente da Somar, Renato Machado, nascido e criado no bairro, ser\u00e1 um al\u00edvio para os moradores. \u201cQuem mora aqui sempre sofreu com a \u00e1gua ferruginosa, dif\u00edcil at\u00e9 para lavar roupa. Agrade\u00e7o muito a parceria com a Sanemar que realizou os estudos mostrando a viabilidade para levar \u00e1gua para essa popula\u00e7\u00e3o e a Cedae que far\u00e1 a obra junto com a Somar\u201d, afirmou.<\/p>\n\n\n\n<p>O gerente regional da Cedae, Jos\u00e9 Alexandre Silva dos Santos, informou que a \u00e1gua, que estar\u00e1 nas torneiras dos moradores de Bambu\u00ed vir\u00e1 da adutora de Ponta Negra. \u201cA esta\u00e7\u00e3o de Ponta Negra tem capacidade para atender as duas localidades sem problemas\u201d, frisou disse Jos\u00e9 Alexandre.<\/p>\n\n\n\n<p>O diretor de Engenharia da Sanemar, Henrique Frickmann, ressaltou o trabalho de viabilidade realizado pela equipe de engenheiros da companhia. \u201cFizemos o estudo e comprovamos que era vi\u00e1vel trazer a \u00e1gua de Ponta Negra at\u00e9 aqui, o que melhora muito a qualidade de vida dos moradores e impacta em v\u00e1rios fatores, como a sa\u00fade\u201d, falou Frickmann.<\/p>\n","protected":false},"excerpt":{"rendered":"<p>Moradores do bairro de Bambu\u00ed comemoraram a chegada de parte dos 9km de tubula\u00e7\u00e3o de rede distribuidora de \u00e1gua que<\/p>\n","protected":false},"author":1,"featured_media":25859,"comment_status":"open","ping_status":"open","sticky":false,"template":"","format":"standard","meta":{"colormag_page_container_layout":"default_layout","colormag_page_sidebar_layout":"default_layout","footnotes":""},"categories":[14],"tags":[],"class_list":["post-25858","post","type-post","status-publish","format-standard","has-post-thumbnail","hentry","category-bairros"],"amp_enabled":true,"_links":{"self":[{"href":"https:\/\/maricatotal.com.br\/site\/wp-json\/wp\/v2\/posts\/25858","targetHints":{"allow":["GET"]}}],"collection":[{"href":"https:\/\/maricatotal.com.br\/site\/wp-json\/wp\/v2\/posts"}],"about":[{"href":"https:\/\/maricatotal.com.br\/site\/wp-json\/wp\/v2\/types\/post"}],"author":[{"embeddable":true,"href":"https:\/\/maricatotal.com.br\/site\/wp-json\/wp\/v2\/users\/1"}],"replies":[{"embeddable":true,"href":"https:\/\/maricatotal.com.br\/site\/wp-json\/wp\/v2\/comments?post=25858"}],"version-history":[{"count":1,"href":"https:\/\/maricatotal.com.br\/site\/wp-json\/wp\/v2\/posts\/25858\/revisions"}],"predecessor-version":[{"id":25860,"href":"https:\/\/maricatotal.com.br\/site\/wp-json\/wp\/v2\/posts\/25858\/revisions\/25860"}],"wp:featuredmedia":[{"embeddable":true,"href":"https:\/\/maricatotal.com.br\/site\/wp-json\/wp\/v2\/media\/25859"}],"wp:attachment":[{"href":"https:\/\/maricatotal.com.br\/site\/wp-json\/wp\/v2\/media?parent=25858"}],"wp:term":[{"taxonomy":"category","embeddable":true,"href":"https:\/\/maricatotal.com.br\/site\/wp-json\/wp\/v2\/categories?post=25858"},{"taxonomy":"post_tag","embeddable":true,"href":"https:\/\/maricatotal.com.br\/site\/wp-json\/wp\/v2\/tags?post=25858"}],"curies":[{"name":"wp","href":"https:\/\/api.w.org\/{rel}","templated":true}]}}