{"id":25861,"date":"2021-07-01T18:52:28","date_gmt":"2021-07-01T21:52:28","guid":{"rendered":"https:\/\/maricatotal.com.br\/site\/?p=25861"},"modified":"2021-07-01T18:52:29","modified_gmt":"2021-07-01T21:52:29","slug":"fabiano-horta-apresenta-aeroporto-a-axel-grael-e-rodrigo-neves","status":"publish","type":"post","link":"https:\/\/maricatotal.com.br\/site\/2021\/07\/01\/fabiano-horta-apresenta-aeroporto-a-axel-grael-e-rodrigo-neves\/","title":{"rendered":"Fabiano Horta apresenta Aeroporto a Axel Grael e Rodrigo Neves"},"content":{"rendered":"\n<p>O prefeito Fabiano Horta recebeu, nesta quinta-feira, dia 01\/07, o&nbsp;prefeito de Niter\u00f3i, Axel Grael, e o ex-prefeito daquela cidade, Rodrigo Neves, na&nbsp;sede da Companhia de Desenvolvimento de Maric\u00e1 (Codemar) para uma&nbsp;visita \u00e0s instala\u00e7\u00f5es do Aeroporto.<\/p>\n\n\n\n<p>\u201cPara n\u00f3s, uma satisfa\u00e7\u00e3o. O prefeito Rodrigo e o prefeito Axel t\u00eam uma longa experi\u00eancia de trajet\u00f3ria em Niter\u00f3i de desenvolvimento, de&nbsp;uma cidade que criou modelos de natureza do desenvolvimento. Dialogam permanentemente conosco aqui em Maric\u00e1, na rela\u00e7\u00e3o do cotidiano e a&nbsp;gente tem buscado muito essa troca de experi\u00eancias tanto com o&nbsp;ex-prefeito Rodrigo, quanto com o atual prefeito Axel, da intera\u00e7\u00e3o das cidades\u201d, disse Fabiano Horta.<\/p>\n\n\n\n<p>\u201cNiter\u00f3i e Maric\u00e1 s\u00e3o cidades que cada vez mais ganham uma vida comum,&nbsp;tem projetos que discutimos permanentemente de natureza social,&nbsp;econ\u00f4mica, do desenvolvimento. A visita deles simboliza que os projetos de Maric\u00e1 tamb\u00e9m representam uma&nbsp;express\u00e3o importante de bons exemplos que a gente tem constru\u00eddo na&nbsp;cidade de Maric\u00e1 que interagem com toda a regi\u00e3o\u201d, concluiu o&nbsp;anfitri\u00e3o.<\/p>\n\n\n\n<p>Axel Grael tamb\u00e9m enalteceu o interc\u00e2mbio. \u201cTenho uma rela\u00e7\u00e3o pr\u00f3xima com Maric\u00e1. Tenho acompanhado o&nbsp;trabalho do prefeito Fabiano e temos boas a\u00e7\u00f5es em&nbsp;conjunto\u201d, avaliou. \u201cEst\u00e1vamos conversando sobre a necessidade de integrar o&nbsp;planejamento de desenvolvimento de Niter\u00f3i com o de Maric\u00e1, j\u00e1 que estamos na principal vertente de crescimento. Provavelmente nas pr\u00f3ximas duas&nbsp;d\u00e9cadas, o que vai ter de novidade na regi\u00e3o metropolitana ou at\u00e9&nbsp;mesmo no estado, vai ser muito para o lado de c\u00e1\u201d, prosseguiu o prefeito de Niter\u00f3i.<\/p>\n\n\n\n<p>Para Axel, no entanto, o momento ainda \u00e9 bem cr\u00edtico. \u201cNa sa\u00edda desse&nbsp;momento de pandemia, a grande responsabilidade que n\u00f3s vamos ter \u00e9 a&nbsp;retomada da economia, do emprego e do cotidiano das pessoas. Ent\u00e3o, \u00e9 o&nbsp;que est\u00e1 sendo feito aqui em Maric\u00e1 em termos de planejamento e de&nbsp;desenvolvimento, o que n\u00f3s estamos fazendo l\u00e1. Se juntamos com ativos fundamentais que temos, como uma das maiores&nbsp;universidades do pa\u00eds, com toda sua capacidade e uma massa cr\u00edtica que temos nas duas cidades para gerar ideias, gerar oportunidades&nbsp;para c\u00e1, \u00e9 muito potente\u201d,&nbsp;ressaltou Grael.<\/p>\n\n\n\n<p>Rodrigo Neves elogiou a estrutura do aeroporto. \u201cEm 10 anos&nbsp;avalio que Niter\u00f3i e Maric\u00e1 v\u00e3o chegar a um milh\u00e3o de habitantes.&nbsp;Isso significa uma popula\u00e7\u00e3o maior que a capital. Ent\u00e3o, acho que&nbsp;esse eixo tende a ser uma nova normalidade projetando para 2030. N\u00e3o&nbsp;tem no Brasil, uma cidade que tenha uma base industrial de produ\u00e7\u00e3o.&nbsp;Aqui voc\u00ea tem isso dispon\u00edvel e que \u00e9 a economia do s\u00e9culo XXI. Isso&nbsp;pode ser uma pot\u00eancia\u201d, frisou Rodrigo Neves.&nbsp;\u201cNiter\u00f3i e Maric\u00e1 em coopera\u00e7\u00e3o podem produzir uma&nbsp;din\u00e2mica econ\u00f4mica intensa contribuindo para a necess\u00e1ria retomada&nbsp;econ\u00f4mica do Rio. Quando&nbsp;vemos programas sendo desenvolvidos em Maric\u00e1 e em Niter\u00f3i, temos certeza que o estado do Rio de Janeiro tem solu\u00e7\u00e3o\u201d,&nbsp;frisou.<\/p>\n\n\n\n<p>O presidente da autarquia Olavo Noleto e o secret\u00e1rio de Governo, Jo\u00e3o&nbsp;Maur\u00edcio de Freitas tamb\u00e9m acompanharam o encontro.&nbsp;\u201cAqui j\u00e1 \u00e9 um lugar estrat\u00e9gico. Estamos construindo alguns fundos para&nbsp;agilizar tudo. O fundo imobili\u00e1rio como garantidor das opera\u00e7\u00f5es, o<br>verde e o de participa\u00e7\u00f5es para quando a cidade for entrar como s\u00f3cia&nbsp;em opera\u00e7\u00f5es\u201d, disse Olavo, que adiantou que o local passar\u00e1 por&nbsp;reformas.<\/p>\n\n\n\n<p>\u201cVamos reformar a pista para atender avi\u00f5es maiores. Estamos&nbsp;criando expans\u00e3o comercial e tur\u00edstica pr\u00f3prios. Temos todo o esquema profissional de ponta de abastecimento, tudo certificado. O&nbsp;aeroporto \u00e9 100% habilitado com luzes externas e todos os&nbsp;equipamentos. N\u00e3o falta nada aqui, voc\u00ea consegue operar normalmente. A&nbsp;\u00e2ncora da opera\u00e7\u00e3o vai ser offshore por um bom tempo\u201d, concluiu o presidente da Codemar.<\/p>\n","protected":false},"excerpt":{"rendered":"<p>O prefeito Fabiano Horta recebeu, nesta quinta-feira, dia 01\/07, o&nbsp;prefeito de Niter\u00f3i, Axel Grael, e o ex-prefeito daquela cidade, Rodrigo<\/p>\n","protected":false},"author":1,"featured_media":25862,"comment_status":"open","ping_status":"open","sticky":false,"template":"","format":"standard","meta":{"colormag_page_container_layout":"default_layout","colormag_page_sidebar_layout":"default_layout","footnotes":""},"categories":[18],"tags":[],"class_list":["post-25861","post","type-post","status-publish","format-standard","has-post-thumbnail","hentry","category-entretenimento"],"amp_enabled":true,"_links":{"self":[{"href":"https:\/\/maricatotal.com.br\/site\/wp-json\/wp\/v2\/posts\/25861","targetHints":{"allow":["GET"]}}],"collection":[{"href":"https:\/\/maricatotal.com.br\/site\/wp-json\/wp\/v2\/posts"}],"about":[{"href":"https:\/\/maricatotal.com.br\/site\/wp-json\/wp\/v2\/types\/post"}],"author":[{"embeddable":true,"href":"https:\/\/maricatotal.com.br\/site\/wp-json\/wp\/v2\/users\/1"}],"replies":[{"embeddable":true,"href":"https:\/\/maricatotal.com.br\/site\/wp-json\/wp\/v2\/comments?post=25861"}],"version-history":[{"count":1,"href":"https:\/\/maricatotal.com.br\/site\/wp-json\/wp\/v2\/posts\/25861\/revisions"}],"predecessor-version":[{"id":25863,"href":"https:\/\/maricatotal.com.br\/site\/wp-json\/wp\/v2\/posts\/25861\/revisions\/25863"}],"wp:featuredmedia":[{"embeddable":true,"href":"https:\/\/maricatotal.com.br\/site\/wp-json\/wp\/v2\/media\/25862"}],"wp:attachment":[{"href":"https:\/\/maricatotal.com.br\/site\/wp-json\/wp\/v2\/media?parent=25861"}],"wp:term":[{"taxonomy":"category","embeddable":true,"href":"https:\/\/maricatotal.com.br\/site\/wp-json\/wp\/v2\/categories?post=25861"},{"taxonomy":"post_tag","embeddable":true,"href":"https:\/\/maricatotal.com.br\/site\/wp-json\/wp\/v2\/tags?post=25861"}],"curies":[{"name":"wp","href":"https:\/\/api.w.org\/{rel}","templated":true}]}}