{"id":25870,"date":"2021-07-02T07:32:16","date_gmt":"2021-07-02T10:32:16","guid":{"rendered":"https:\/\/maricatotal.com.br\/site\/?p=25870"},"modified":"2021-07-02T07:32:17","modified_gmt":"2021-07-02T10:32:17","slug":"alunos-do-passaporte-universitario-que-ainda-nao-comecaram-as-aulas-devem-se-matricular","status":"publish","type":"post","link":"https:\/\/maricatotal.com.br\/site\/2021\/07\/02\/alunos-do-passaporte-universitario-que-ainda-nao-comecaram-as-aulas-devem-se-matricular\/","title":{"rendered":"Alunos do Passaporte Universit\u00e1rio que ainda n\u00e3o come\u00e7aram as aulas devem se matricular"},"content":{"rendered":"\n<p>Os alunos contemplados no programa Passaporte Universit\u00e1rio em 2019, atrav\u00e9s do edital n\u00b0 007, e que optaram por n\u00e3o iniciar seus cursos em 2020 em raz\u00e3o da pandemia do novo coronav\u00edrus, devem procurar as universidades escolhidas a partir desta quinta-feira (01\/07) at\u00e9 o pr\u00f3ximo dia 9 para efetivar suas matr\u00edculas. As aulas para os 364 benefici\u00e1rios que ainda n\u00e3o haviam come\u00e7ado a estudar ter\u00e3o de come\u00e7ar no segundo semestre deste ano.<\/p>\n\n\n\n<p>A equipe respons\u00e1vel pelo programa divulgou um novo cronograma para estes e outros alunos, que prev\u00ea tamb\u00e9m a partir desta quinta at\u00e9 o dia 15 que os alunos que optarem por trancamento, destrancamento, cancelamento, mudan\u00e7a de curso ou de turno devem requerer a provid\u00eancia junto \u00e0s universidades. De 15 a 31 de julho, estar\u00e3o dispon\u00edveis a renova\u00e7\u00e3o de matr\u00edculas e o requerimento da bolsa-aux\u00edlio para os alunos dos cursos de Medicina, Odontologia e Veterin\u00e1ria, que ocorrem em tempo integral.<\/p>\n\n\n\n<p>Ainda de acordo com o cronograma, haver\u00e1 o recadastramento semestral obrigat\u00f3rio entre os dias 1\u00b0 e 15 de agosto. Este procedimento ser\u00e1 realizado atrav\u00e9s do site&nbsp;<a href=\"https:\/\/passaporteuniversitario.marica.rj.gov.br\/\">https:\/\/passaporteuniversitario.marica.rj.gov.br\/<\/a><\/p>\n","protected":false},"excerpt":{"rendered":"<p>Os alunos contemplados no programa Passaporte Universit\u00e1rio em 2019, atrav\u00e9s do edital n\u00b0 007, e que optaram por n\u00e3o iniciar<\/p>\n","protected":false},"author":1,"featured_media":25871,"comment_status":"open","ping_status":"open","sticky":false,"template":"","format":"standard","meta":{"colormag_page_container_layout":"default_layout","colormag_page_sidebar_layout":"default_layout","footnotes":""},"categories":[18],"tags":[],"class_list":["post-25870","post","type-post","status-publish","format-standard","has-post-thumbnail","hentry","category-entretenimento"],"amp_enabled":true,"_links":{"self":[{"href":"https:\/\/maricatotal.com.br\/site\/wp-json\/wp\/v2\/posts\/25870","targetHints":{"allow":["GET"]}}],"collection":[{"href":"https:\/\/maricatotal.com.br\/site\/wp-json\/wp\/v2\/posts"}],"about":[{"href":"https:\/\/maricatotal.com.br\/site\/wp-json\/wp\/v2\/types\/post"}],"author":[{"embeddable":true,"href":"https:\/\/maricatotal.com.br\/site\/wp-json\/wp\/v2\/users\/1"}],"replies":[{"embeddable":true,"href":"https:\/\/maricatotal.com.br\/site\/wp-json\/wp\/v2\/comments?post=25870"}],"version-history":[{"count":1,"href":"https:\/\/maricatotal.com.br\/site\/wp-json\/wp\/v2\/posts\/25870\/revisions"}],"predecessor-version":[{"id":25872,"href":"https:\/\/maricatotal.com.br\/site\/wp-json\/wp\/v2\/posts\/25870\/revisions\/25872"}],"wp:featuredmedia":[{"embeddable":true,"href":"https:\/\/maricatotal.com.br\/site\/wp-json\/wp\/v2\/media\/25871"}],"wp:attachment":[{"href":"https:\/\/maricatotal.com.br\/site\/wp-json\/wp\/v2\/media?parent=25870"}],"wp:term":[{"taxonomy":"category","embeddable":true,"href":"https:\/\/maricatotal.com.br\/site\/wp-json\/wp\/v2\/categories?post=25870"},{"taxonomy":"post_tag","embeddable":true,"href":"https:\/\/maricatotal.com.br\/site\/wp-json\/wp\/v2\/tags?post=25870"}],"curies":[{"name":"wp","href":"https:\/\/api.w.org\/{rel}","templated":true}]}}