{"id":25873,"date":"2021-07-02T07:33:25","date_gmt":"2021-07-02T10:33:25","guid":{"rendered":"https:\/\/maricatotal.com.br\/site\/?p=25873"},"modified":"2021-07-02T07:33:26","modified_gmt":"2021-07-02T10:33:26","slug":"secretaria-de-politicas-inclusivas-abre-inscricoes-para-cursos","status":"publish","type":"post","link":"https:\/\/maricatotal.com.br\/site\/2021\/07\/02\/secretaria-de-politicas-inclusivas-abre-inscricoes-para-cursos\/","title":{"rendered":"Secretaria de Pol\u00edticas Inclusivas abre inscri\u00e7\u00f5es para cursos"},"content":{"rendered":"\n<p>A Secretaria de Pol\u00edticas Inclusivas, atrav\u00e9s do Centro de Refer\u00eancia de Pol\u00edticas Inclusivas (CRPI), iniciou as inscri\u00e7\u00f5es para o primeiro&nbsp;curso presencial de artesanatos com fuxico \u2013 t\u00e9cnica artesanal em que h\u00e1 o reaproveitamento de retalhos de tecido e \u00e9 recortado em formato circular e alinhavam-se suas extremidades. O curso ser\u00e1 ministrado por Sonia da&nbsp;Silva, empreendedora e artes\u00e3 especializada em atendimento a pessoas&nbsp;com defici\u00eancia.<\/p>\n\n\n\n<p>\u201cA import\u00e2ncia do curso \u00e9 estarmos realizando um trabalho voltado para pessoas com defici\u00eancia onde temos uma grande import\u00e2ncia de realizar essa intera\u00e7\u00e3o\u201d, comentou a secret\u00e1ria de Pol\u00edticas Inclusivas, Sheila Pinto.<\/p>\n\n\n\n<p>\u201cAl\u00e9m de terap\u00eautica, a oficina de artesanato tem como objetivo proporcionar os conhecimentos necess\u00e1rios para que o inscrito possa desenvolver a atividade de maneira independente e possibilitando um novo meio para gera\u00e7\u00e3o de renda\u201d, finalizou.<\/p>\n\n\n\n<p>As turmas contar\u00e3o com int\u00e9rprete de libras e todo material necess\u00e1rio para a realiza\u00e7\u00e3o do curso ser\u00e1 disponibilizado no local. Ao final do m\u00f3dulo, o aluno receber\u00e1 o certificado de participa\u00e7\u00e3o.&nbsp;<a href=\"http:\/\/www.maricapoliticasinclusivas.com.br\/\">Fa\u00e7a aqui<\/a>&nbsp;a inscri\u00e7\u00e3o. Para a realiza\u00e7\u00e3o da matr\u00edcula \u00e9 necess\u00e1rio que o interessado esteja cadastrado no site e realize o login de acesso.<\/p>\n\n\n\n<p>A matr\u00edcula tamb\u00e9m pode ser realizada na sede do Centro de Refer\u00eancia em Pol\u00edticas Inclusivas (CRPI), localizada na Rua Boaz Velasco n\u00famero zero, quadra 27, lote 01, Centro (Pr\u00f3ximo ao Centro Educacional Municipal Joana Benedicta Rangel), munido do RG, CPF e Comprovante de Resid\u00eancia.<\/p>\n\n\n\n<p>Para as Pessoas com Defici\u00eancia que necessitem de aux\u00edlio no transporte,&nbsp;o (CRPI) ir\u00e1 disponibilizar uma van adaptada que far\u00e1 a log\u00edstica de ida e volta mediante solicita\u00e7\u00e3o pr\u00e9via que poder\u00e1 ser feita pelo site, por meio da aba \u2019contato\u2019 e\/ou por telefone (21) 3828-0268.<\/p>\n\n\n\n<p><strong>Servi\u00e7o:<\/strong><\/p>\n\n\n\n<p>Curso:&nbsp;curso presencial de Artesanatos com fuxico<\/p>\n\n\n\n<p>In\u00edcio:&nbsp;05\/07<\/p>\n\n\n\n<p>T\u00e9rmino:&nbsp;26\/07<\/p>\n\n\n\n<p>Turmas:&nbsp;9h \u00e0s 12h (manh\u00e3) e 13h \u00e0s 16h (tarde)<\/p>\n\n\n\n<p>N\u00famero de vagas:&nbsp;5 Vagas para cada turma (3 Pessoas com defici\u00eancia e 2 ampla concorr\u00eancia).<\/p>\n","protected":false},"excerpt":{"rendered":"<p>A Secretaria de Pol\u00edticas Inclusivas, atrav\u00e9s do Centro de Refer\u00eancia de Pol\u00edticas Inclusivas (CRPI), iniciou as inscri\u00e7\u00f5es para o primeiro&nbsp;curso<\/p>\n","protected":false},"author":1,"featured_media":25874,"comment_status":"open","ping_status":"open","sticky":false,"template":"","format":"standard","meta":{"colormag_page_container_layout":"default_layout","colormag_page_sidebar_layout":"default_layout","footnotes":""},"categories":[18],"tags":[],"class_list":["post-25873","post","type-post","status-publish","format-standard","has-post-thumbnail","hentry","category-entretenimento"],"amp_enabled":true,"_links":{"self":[{"href":"https:\/\/maricatotal.com.br\/site\/wp-json\/wp\/v2\/posts\/25873","targetHints":{"allow":["GET"]}}],"collection":[{"href":"https:\/\/maricatotal.com.br\/site\/wp-json\/wp\/v2\/posts"}],"about":[{"href":"https:\/\/maricatotal.com.br\/site\/wp-json\/wp\/v2\/types\/post"}],"author":[{"embeddable":true,"href":"https:\/\/maricatotal.com.br\/site\/wp-json\/wp\/v2\/users\/1"}],"replies":[{"embeddable":true,"href":"https:\/\/maricatotal.com.br\/site\/wp-json\/wp\/v2\/comments?post=25873"}],"version-history":[{"count":1,"href":"https:\/\/maricatotal.com.br\/site\/wp-json\/wp\/v2\/posts\/25873\/revisions"}],"predecessor-version":[{"id":25875,"href":"https:\/\/maricatotal.com.br\/site\/wp-json\/wp\/v2\/posts\/25873\/revisions\/25875"}],"wp:featuredmedia":[{"embeddable":true,"href":"https:\/\/maricatotal.com.br\/site\/wp-json\/wp\/v2\/media\/25874"}],"wp:attachment":[{"href":"https:\/\/maricatotal.com.br\/site\/wp-json\/wp\/v2\/media?parent=25873"}],"wp:term":[{"taxonomy":"category","embeddable":true,"href":"https:\/\/maricatotal.com.br\/site\/wp-json\/wp\/v2\/categories?post=25873"},{"taxonomy":"post_tag","embeddable":true,"href":"https:\/\/maricatotal.com.br\/site\/wp-json\/wp\/v2\/tags?post=25873"}],"curies":[{"name":"wp","href":"https:\/\/api.w.org\/{rel}","templated":true}]}}