{"id":25887,"date":"2021-07-02T13:56:10","date_gmt":"2021-07-02T16:56:10","guid":{"rendered":"https:\/\/maricatotal.com.br\/site\/?p=25887"},"modified":"2021-07-02T13:56:12","modified_gmt":"2021-07-02T16:56:12","slug":"horta-do-manu-manuela-recebe-visita-dos-assistidos-pela-casa-abrigo-municipal-2","status":"publish","type":"post","link":"https:\/\/maricatotal.com.br\/site\/2021\/07\/02\/horta-do-manu-manuela-recebe-visita-dos-assistidos-pela-casa-abrigo-municipal-2\/","title":{"rendered":"Horta do Manu Manuela recebe visita dos assistidos pela Casa Abrigo municipal"},"content":{"rendered":"\n<p>A Horta Comunit\u00e1ria do Manu Manuela, em S\u00e3o Jos\u00e9 do Imbassa\u00ed, continua sendo espa\u00e7o para projetos inovadores de Maric\u00e1. Na ter\u00e7a-feira (29\/06), as secretarias de Economia Solid\u00e1ria e Assist\u00eancia Social promoveram no local uma visita dos assistidos pela Casa Abrigo Ernani Gomes Duarte, atividade que \u00e9 parte de um projeto terap\u00eautico baseado no contato com a terra, fomentando na popula\u00e7\u00e3o em situa\u00e7\u00e3o de rua aspectos como valoriza\u00e7\u00e3o ambiental e seguran\u00e7a alimentar.<\/p>\n\n\n\n<p>Al\u00e9m disso, em parceria com a Cooperativa de Trabalho em Assessoria a Empresas em Assentamentos de Reforma Agr\u00e1ria (Cooperar), as secretarias planejam implantar uma horta comunit\u00e1ria no espa\u00e7o da Casa Abrigo municipal, promovendo uma forma\u00e7\u00e3o t\u00e9cnico-pol\u00edtica de manejo da terra aos assistidos, com palestras sobre o uso da terra e alimenta\u00e7\u00e3o saud\u00e1vel, al\u00e9m de uma elabora\u00e7\u00e3o coletiva da horta, baseada na gera\u00e7\u00e3o de renda atrav\u00e9s da economia solid\u00e1ria.<\/p>\n\n\n\n<p>\u201cA popula\u00e7\u00e3o em situa\u00e7\u00e3o de rua \u00e9 uma prioridade, assim como o fomento \u00e0s iniciativas de economia solid\u00e1ria, agroecologia e seguran\u00e7a alimentar. Al\u00e9m da perspectiva terap\u00eautica, \u00e9 direito de todos a uma alimenta\u00e7\u00e3o de qualidade. Fico feliz quando conseguimos unir todas estas agendas como nesta visita ao projeto hortas comunit\u00e1rias desenvolvido no Manu Manuela, em parceria com a Secretaria de Assist\u00eancia Social\u201d, destacou a secret\u00e1ria de Economia Solid\u00e1ria, Rebeca Azevedo.<\/p>\n\n\n\n<p>De acordo com o coordenador e psic\u00f3logo da Casa Abrigo, Andr\u00e9 Sodr\u00e9, o contato dos assistidos \u00e0s hortas comunit\u00e1rias \u00e9 extremamente positivo.<\/p>\n\n\n\n<p>\u201cA participa\u00e7\u00e3o dos acolhidos neste encontro \u00e9 traduzida como uma pista de como trabalhar a garantia de direitos sociais com a pr\u00f3pria sociedade. Dessa forma, possibilitamos a redu\u00e7\u00e3o de danos, a constru\u00e7\u00e3o de DHAA (Direitos Humanos \u00e0 Alimenta\u00e7\u00e3o Adequada) e a perspectiva do plantio como fonte de Economia Solid\u00e1ria\u201d, afirmou.<\/p>\n\n\n\n<p>Para a nutricionista da Casa, Elaine Nunes, a visita despertou neles o interesse em um maior contato com a natureza. \u201cJ\u00e1 que os moradores da Casa Abrigo constituem uma parte da popula\u00e7\u00e3o mais suscet\u00edvel \u00e0 inseguran\u00e7a alimentar e nutricional, com pouco acesso \u00e0 informa\u00e7\u00e3o sobre pr\u00e1ticas alimentares saud\u00e1veis, a visita despertou neles um interesse em adotar uma alimenta\u00e7\u00e3o mais saud\u00e1vel, com um maior contato com a natureza\u201d, completou.<\/p>\n\n\n\n<p>A Casa Abrigo Ernani Gomes Duarte entrou em funcionamento em 2020, com o objetivo de proteger e fortalecer a cidadania de pessoas em situa\u00e7\u00e3o de vulnerabilidade. A Casa fica localizada na Rua Tenente Coronel Aviador Roberto de Souza Machado, n\u00ba 18, quadra 159 (Ara\u00e7atiba) e tem capacidade para acolher at\u00e9 trinta pessoas em situa\u00e7\u00e3o de rua.<\/p>\n","protected":false},"excerpt":{"rendered":"<p>A Horta Comunit\u00e1ria do Manu Manuela, em S\u00e3o Jos\u00e9 do Imbassa\u00ed, continua sendo espa\u00e7o para projetos inovadores de Maric\u00e1. Na<\/p>\n","protected":false},"author":1,"featured_media":25888,"comment_status":"open","ping_status":"open","sticky":false,"template":"","format":"standard","meta":{"colormag_page_container_layout":"default_layout","colormag_page_sidebar_layout":"default_layout","footnotes":""},"categories":[14,18],"tags":[],"class_list":["post-25887","post","type-post","status-publish","format-standard","has-post-thumbnail","hentry","category-bairros","category-entretenimento"],"amp_enabled":true,"_links":{"self":[{"href":"https:\/\/maricatotal.com.br\/site\/wp-json\/wp\/v2\/posts\/25887","targetHints":{"allow":["GET"]}}],"collection":[{"href":"https:\/\/maricatotal.com.br\/site\/wp-json\/wp\/v2\/posts"}],"about":[{"href":"https:\/\/maricatotal.com.br\/site\/wp-json\/wp\/v2\/types\/post"}],"author":[{"embeddable":true,"href":"https:\/\/maricatotal.com.br\/site\/wp-json\/wp\/v2\/users\/1"}],"replies":[{"embeddable":true,"href":"https:\/\/maricatotal.com.br\/site\/wp-json\/wp\/v2\/comments?post=25887"}],"version-history":[{"count":1,"href":"https:\/\/maricatotal.com.br\/site\/wp-json\/wp\/v2\/posts\/25887\/revisions"}],"predecessor-version":[{"id":25889,"href":"https:\/\/maricatotal.com.br\/site\/wp-json\/wp\/v2\/posts\/25887\/revisions\/25889"}],"wp:featuredmedia":[{"embeddable":true,"href":"https:\/\/maricatotal.com.br\/site\/wp-json\/wp\/v2\/media\/25888"}],"wp:attachment":[{"href":"https:\/\/maricatotal.com.br\/site\/wp-json\/wp\/v2\/media?parent=25887"}],"wp:term":[{"taxonomy":"category","embeddable":true,"href":"https:\/\/maricatotal.com.br\/site\/wp-json\/wp\/v2\/categories?post=25887"},{"taxonomy":"post_tag","embeddable":true,"href":"https:\/\/maricatotal.com.br\/site\/wp-json\/wp\/v2\/tags?post=25887"}],"curies":[{"name":"wp","href":"https:\/\/api.w.org\/{rel}","templated":true}]}}