{"id":25891,"date":"2021-07-02T13:57:05","date_gmt":"2021-07-02T16:57:05","guid":{"rendered":"https:\/\/maricatotal.com.br\/site\/?p=25891"},"modified":"2021-07-02T13:57:06","modified_gmt":"2021-07-02T16:57:06","slug":"maricaverde-distribui-mudas-e-recolhe-agasalhos-na-praca-de-itapeba","status":"publish","type":"post","link":"https:\/\/maricatotal.com.br\/site\/2021\/07\/02\/maricaverde-distribui-mudas-e-recolhe-agasalhos-na-praca-de-itapeba\/","title":{"rendered":"Maric\u00e1+Verde distribui mudas e recolhe agasalhos na Pra\u00e7a de Itapeba"},"content":{"rendered":"\n<p>Unir sustentabilidade, educa\u00e7\u00e3o ambiental e solidariedade. Esse foi o lema da edi\u00e7\u00e3o desta quinta-feira (01\/07), do Maric\u00e1+Verde, iniciativa da Secretaria de Cidade Sustent\u00e1vel que realizou, na Pra\u00e7a de Itapeba, a distribui\u00e7\u00e3o de 100 mudas nativas da Mata Atl\u00e2ntica e o recolhimento de agasalhos destinados \u00e0 popula\u00e7\u00e3o em maior vulnerabilidade social.<\/p>\n\n\n\n<p>O recebimento de agasalhos \u00e9 uma novidade do projeto e faz parte da campanha \u201cMaric\u00e1 Solid\u00e1rio\u201d, a\u00e7\u00e3o conjunta que instalou diversos pontos para recolhimento de doa\u00e7\u00f5es de vestimentas e cobertores pela cidade, uma forma de amenizar os efeitos das baixas temperaturas do inverno \u00e0s pessoas mais desamparadas.<\/p>\n\n\n\n<p>\u201cA ado\u00e7\u00e3o das mudas \u00e9 um ato de amor ao planeta e \u00e0s gera\u00e7\u00f5es futuras. Com a chegada do inverno, porque n\u00e3o amenizar tamb\u00e9m o sofrimento das pessoas que mais precisam de agasalhos? Doem, contamos com a participa\u00e7\u00e3o de todos\u201d, ressaltou o secret\u00e1rio de Cidade Sustent\u00e1vel, Helter Ferreira.<\/p>\n\n\n\n<p>Nesta edi\u00e7\u00e3o do Maric\u00e1+Verde, foram distribu\u00eddas mudas das esp\u00e9cies ip\u00ea-rosa, ip\u00ea-amarelo, pata-de-vaca, ameixa, algod\u00e3o-da-praia, aroeira, palmeira-garrafa, moringa e goiaba vermelha. Al\u00e9m disso, o projeto teve a procura de tr\u00eas moradores de outros munic\u00edpios, com interesse no reflorestamento de \u00e1reas ambientais, conhecendo o projeto e levando algumas mudas \u00e0s suas casas.<\/p>\n\n\n\n<p>Para a bi\u00f3loga respons\u00e1vel pela iniciativa, Stella de Lima, a inser\u00e7\u00e3o da campanha do agasalho \u00e9 importante para um projeto que est\u00e1 todas as semanas nas ruas e tem forte contato com a popula\u00e7\u00e3o.<\/p>\n\n\n\n<p>\u201cCome\u00e7amos hoje a campanha do agasalho no Maric\u00e1+Verde, utilizando alus\u00f5es l\u00fadicas nas nossas mudas ao processo de doa\u00e7\u00e3o, com um rosto feliz; outro triste e simbolizando o frio passado no inverno; al\u00e9m de outro alegre e j\u00e1 agasalhado, uma forma de simbolizar a prote\u00e7\u00e3o ap\u00f3s o recebimento da vestimenta. Nosso projeto teve uma boa ades\u00e3o hoje e esperamos que cada vez mais pessoas participem\u201d , destacou.<\/p>\n\n\n\n<p>O projeto segue nas pr\u00f3ximas semanas, a cada quinta-feira em um bairro diferente do munic\u00edpio, seguindo na Pra\u00e7a de Guaratiba (08\/07); em Ara\u00e7atiba (15\/07 \u2013 pr\u00f3ximo a Prefeitura de Maric\u00e1); na Pra\u00e7a do Barroco (22\/07 \u2013 Itaipua\u00e7u) e encerrando o m\u00eas de julho na Rua 90 (29\/07 \u2013 Cordeirinho).<\/p>\n","protected":false},"excerpt":{"rendered":"<p>Unir sustentabilidade, educa\u00e7\u00e3o ambiental e solidariedade. Esse foi o lema da edi\u00e7\u00e3o desta quinta-feira (01\/07), do Maric\u00e1+Verde, iniciativa da Secretaria<\/p>\n","protected":false},"author":1,"featured_media":25892,"comment_status":"open","ping_status":"open","sticky":false,"template":"","format":"standard","meta":{"colormag_page_container_layout":"default_layout","colormag_page_sidebar_layout":"default_layout","footnotes":""},"categories":[18],"tags":[],"class_list":["post-25891","post","type-post","status-publish","format-standard","has-post-thumbnail","hentry","category-entretenimento"],"amp_enabled":true,"_links":{"self":[{"href":"https:\/\/maricatotal.com.br\/site\/wp-json\/wp\/v2\/posts\/25891","targetHints":{"allow":["GET"]}}],"collection":[{"href":"https:\/\/maricatotal.com.br\/site\/wp-json\/wp\/v2\/posts"}],"about":[{"href":"https:\/\/maricatotal.com.br\/site\/wp-json\/wp\/v2\/types\/post"}],"author":[{"embeddable":true,"href":"https:\/\/maricatotal.com.br\/site\/wp-json\/wp\/v2\/users\/1"}],"replies":[{"embeddable":true,"href":"https:\/\/maricatotal.com.br\/site\/wp-json\/wp\/v2\/comments?post=25891"}],"version-history":[{"count":1,"href":"https:\/\/maricatotal.com.br\/site\/wp-json\/wp\/v2\/posts\/25891\/revisions"}],"predecessor-version":[{"id":25893,"href":"https:\/\/maricatotal.com.br\/site\/wp-json\/wp\/v2\/posts\/25891\/revisions\/25893"}],"wp:featuredmedia":[{"embeddable":true,"href":"https:\/\/maricatotal.com.br\/site\/wp-json\/wp\/v2\/media\/25892"}],"wp:attachment":[{"href":"https:\/\/maricatotal.com.br\/site\/wp-json\/wp\/v2\/media?parent=25891"}],"wp:term":[{"taxonomy":"category","embeddable":true,"href":"https:\/\/maricatotal.com.br\/site\/wp-json\/wp\/v2\/categories?post=25891"},{"taxonomy":"post_tag","embeddable":true,"href":"https:\/\/maricatotal.com.br\/site\/wp-json\/wp\/v2\/tags?post=25891"}],"curies":[{"name":"wp","href":"https:\/\/api.w.org\/{rel}","templated":true}]}}