{"id":25921,"date":"2021-07-05T07:34:43","date_gmt":"2021-07-05T10:34:43","guid":{"rendered":"https:\/\/maricatotal.com.br\/site\/?p=25921"},"modified":"2021-07-05T07:34:44","modified_gmt":"2021-07-05T10:34:44","slug":"upa-conta-com-atendimento-odontologico-tambem-para-pacientes-em-observacao","status":"publish","type":"post","link":"https:\/\/maricatotal.com.br\/site\/2021\/07\/05\/upa-conta-com-atendimento-odontologico-tambem-para-pacientes-em-observacao\/","title":{"rendered":"UPA conta com atendimento odontol\u00f3gico tamb\u00e9m para pacientes em observa\u00e7\u00e3o"},"content":{"rendered":"\n<p>A Unidade de Pronto Atendimento (UPA) de Ino\u00e3, em Maric\u00e1, \u00e9 uma das poucas na regi\u00e3o com servi\u00e7o de odontologia emergencial, que atua tamb\u00e9m em atendimentos di\u00e1rios a pacientes em observa\u00e7\u00e3o com e sem Covid-19.<\/p>\n\n\n\n<p>O projeto, que estendeu o atendimento odontol\u00f3gico na unidade, iniciou em abril deste ano, com o objetivo principal de atender pacientes com coronav\u00edrus acolhidos e estabilizados na unidade, mesmo aguardando transfer\u00eancia para o Hospital Municipal Dr. Ernesto Che Guevara, refer\u00eancia no tratamento da doen\u00e7a na regi\u00e3o. O servi\u00e7o avan\u00e7ou tamb\u00e9m para todos os pacientes em observa\u00e7\u00e3o, j\u00e1 que a UPA n\u00e3o interna, apenas estabiliza at\u00e9 a transfer\u00eancia.<\/p>\n\n\n\n<p>Neste ano, foram realizados 2.581 atendimentos odontol\u00f3gicos. De abril at\u00e9 o fim de junho, 482 foram em pacientes em observa\u00e7\u00e3o e 394 em pacientes com Covid-19. Segundo a coordenadora de Odontologia da UPA, Aline Marques, todo paciente que entra em observa\u00e7\u00e3o, recebe a avalia\u00e7\u00e3o da equipe.<\/p>\n\n\n\n<p>A Secret\u00e1ria de Sa\u00fade de Maric\u00e1, Simone Costa, lembrou sobre a motiva\u00e7\u00e3o do in\u00edcio do projeto: \u201cIniciamos esse cuidado na UPA de Ino\u00e3 principalmente por conta da Covid, mais um detalhe que demonstra o quanto a Secretaria de Sa\u00fade est\u00e1 atenta \u00e0s necessidades que surgem pelo caminho. Sabemos da import\u00e2ncia da higieniza\u00e7\u00e3o oral do paciente intubado para prevenir a pneumonia associada \u00e0 ventila\u00e7\u00e3o mec\u00e2nica (PAV) e o projeto come\u00e7ou por eles, logo que abrimos leitos de observa\u00e7\u00e3o na unidade\u201d, ressalta.<\/p>\n\n\n\n<p>Os cuidados da higieniza\u00e7\u00e3o v\u00e3o tanto para os pacientes que podem fazer a higiene sozinho, onde o dentista d\u00e1 a orienta\u00e7\u00e3o e instru\u00e7\u00e3o de higiene oral, quanto para os pacientes que n\u00e3o podem por conta de seu estado de sa\u00fade. \u201cNeste caso, o dentista faz a limpeza\u201d, explicou Aline.<\/p>\n\n\n\n<p>O plant\u00e3o tem o hor\u00e1rio da higieniza\u00e7\u00e3o, que geralmente \u00e9 ap\u00f3s a \u00faltima refei\u00e7\u00e3o. Os pacientes recebem kits com escova, creme dental, fio dental e enxaguante bucal, como foi o caso da Eucilene dos Santos Machado, de 34 anos, que esteve em observa\u00e7\u00e3o no local, mas conseguia fazer a higieniza\u00e7\u00e3o com o aux\u00edlio da equipe.<\/p>\n\n\n\n<p>\u201cMinha fam\u00edlia trouxe minha pasta e escova de dente, mas a equipe tamb\u00e9m me entregou o kit. Quando cheguei, o dentista at\u00e9 realizou a limpeza para me orientar. \u00c9 bom receber aten\u00e7\u00e3o e cuidado. Estou satisfeita\u201d, comentou a paciente.<\/p>\n\n\n\n<p>A diretora m\u00e9dica da UPA de Ino\u00e3, Juliana Nogueira, comentou que essa aplicabilidade do servi\u00e7o odontol\u00f3gico ao paciente que se encontra no leito de observa\u00e7\u00e3o, e alguns desses pacientes podendo estar em estado grave como os intubados acoplados \u00e0 ventila\u00e7\u00e3o mec\u00e2nica, \u00e9 um ganho para a unidade.<\/p>\n\n\n\n<p>\u201cA higieniza\u00e7\u00e3o feita pelo profissional de odontologia \u00e9 diferenciada da realizada pelo profissional de enfermagem, at\u00e9 porque o profissional da odontologia vai ter um olhar do exame cl\u00ednico da cavidade oral, porque \u00e9 a especialidade dele. Isso traz um benef\u00edcio muito grande para todos os pacientes, principalmente para os que est\u00e3o em estado grave. Foi um ganho em conjunto com a doutora Aline, de trazer essa atribui\u00e7\u00e3o ao nosso plantonista dentista. Com certeza impacta na melhoria da qualidade na assist\u00eancia ao paciente que permanece mais de um dia em nossa unidade\u201d, destacou Juliana.<\/p>\n","protected":false},"excerpt":{"rendered":"<p>A Unidade de Pronto Atendimento (UPA) de Ino\u00e3, em Maric\u00e1, \u00e9 uma das poucas na regi\u00e3o com servi\u00e7o de odontologia<\/p>\n","protected":false},"author":1,"featured_media":25922,"comment_status":"open","ping_status":"open","sticky":false,"template":"","format":"standard","meta":{"colormag_page_container_layout":"default_layout","colormag_page_sidebar_layout":"default_layout","footnotes":""},"categories":[18],"tags":[],"class_list":["post-25921","post","type-post","status-publish","format-standard","has-post-thumbnail","hentry","category-entretenimento"],"amp_enabled":true,"_links":{"self":[{"href":"https:\/\/maricatotal.com.br\/site\/wp-json\/wp\/v2\/posts\/25921","targetHints":{"allow":["GET"]}}],"collection":[{"href":"https:\/\/maricatotal.com.br\/site\/wp-json\/wp\/v2\/posts"}],"about":[{"href":"https:\/\/maricatotal.com.br\/site\/wp-json\/wp\/v2\/types\/post"}],"author":[{"embeddable":true,"href":"https:\/\/maricatotal.com.br\/site\/wp-json\/wp\/v2\/users\/1"}],"replies":[{"embeddable":true,"href":"https:\/\/maricatotal.com.br\/site\/wp-json\/wp\/v2\/comments?post=25921"}],"version-history":[{"count":1,"href":"https:\/\/maricatotal.com.br\/site\/wp-json\/wp\/v2\/posts\/25921\/revisions"}],"predecessor-version":[{"id":25923,"href":"https:\/\/maricatotal.com.br\/site\/wp-json\/wp\/v2\/posts\/25921\/revisions\/25923"}],"wp:featuredmedia":[{"embeddable":true,"href":"https:\/\/maricatotal.com.br\/site\/wp-json\/wp\/v2\/media\/25922"}],"wp:attachment":[{"href":"https:\/\/maricatotal.com.br\/site\/wp-json\/wp\/v2\/media?parent=25921"}],"wp:term":[{"taxonomy":"category","embeddable":true,"href":"https:\/\/maricatotal.com.br\/site\/wp-json\/wp\/v2\/categories?post=25921"},{"taxonomy":"post_tag","embeddable":true,"href":"https:\/\/maricatotal.com.br\/site\/wp-json\/wp\/v2\/tags?post=25921"}],"curies":[{"name":"wp","href":"https:\/\/api.w.org\/{rel}","templated":true}]}}