{"id":26117,"date":"2021-07-09T07:27:24","date_gmt":"2021-07-09T10:27:24","guid":{"rendered":"https:\/\/maricatotal.com.br\/site\/?p=26117"},"modified":"2021-07-09T07:27:28","modified_gmt":"2021-07-09T10:27:28","slug":"marica-ira-vacinar-profissionais-da-comunicacao-na-proxima-quarta-feira-14","status":"publish","type":"post","link":"https:\/\/maricatotal.com.br\/site\/2021\/07\/09\/marica-ira-vacinar-profissionais-da-comunicacao-na-proxima-quarta-feira-14\/","title":{"rendered":"Maric\u00e1 ir\u00e1 vacinar profissionais da comunica\u00e7\u00e3o na pr\u00f3xima quarta-feira (14)"},"content":{"rendered":"\n<p>Profissionais da comunica\u00e7\u00e3o do munic\u00edpio de Maric\u00e1 ser\u00e3o vacinados contra a Covid-19 na pr\u00f3xima quarta-feira (14).<\/p>\n\n\n\n<p>A indica\u00e7\u00e3o foi realizada realizada pelo vereador Dr. Felipe Auni em uma Sess\u00e3o Ordin\u00e1ria no \u00faltimo m\u00eas, onde foi pontuado que os profissionais seguem trabalhando nas ruas desde o in\u00edcio da pandemia da Covid-19. <\/p>\n\n\n\n<p>Os profissionais cadastrados no munic\u00edpio ir\u00e3o receber as doses nos polos de vacina\u00e7\u00e3o e nas unidades volantes. <\/p>\n\n\n\n<p>A Federa\u00e7\u00e3o Nacional dos Jornalistas (Fenaj) publicou um abaixo-assinado pedindo a vacina\u00e7\u00e3o de todos profissionais da classe, onde foi pontuado que todos s\u00e3o v\u00edtimas desta pandemia, justamente no exerc\u00edcio de seu trabalho.\u00a0<\/p>\n","protected":false},"excerpt":{"rendered":"<p>Profissionais da comunica\u00e7\u00e3o do munic\u00edpio de Maric\u00e1 ser\u00e3o vacinados contra a Covid-19 na pr\u00f3xima quarta-feira (14). A indica\u00e7\u00e3o foi realizada<\/p>\n","protected":false},"author":1,"featured_media":26118,"comment_status":"open","ping_status":"open","sticky":false,"template":"","format":"standard","meta":{"colormag_page_container_layout":"default_layout","colormag_page_sidebar_layout":"default_layout","footnotes":""},"categories":[18,17],"tags":[],"class_list":["post-26117","post","type-post","status-publish","format-standard","has-post-thumbnail","hentry","category-entretenimento","category-politica"],"amp_enabled":true,"_links":{"self":[{"href":"https:\/\/maricatotal.com.br\/site\/wp-json\/wp\/v2\/posts\/26117","targetHints":{"allow":["GET"]}}],"collection":[{"href":"https:\/\/maricatotal.com.br\/site\/wp-json\/wp\/v2\/posts"}],"about":[{"href":"https:\/\/maricatotal.com.br\/site\/wp-json\/wp\/v2\/types\/post"}],"author":[{"embeddable":true,"href":"https:\/\/maricatotal.com.br\/site\/wp-json\/wp\/v2\/users\/1"}],"replies":[{"embeddable":true,"href":"https:\/\/maricatotal.com.br\/site\/wp-json\/wp\/v2\/comments?post=26117"}],"version-history":[{"count":1,"href":"https:\/\/maricatotal.com.br\/site\/wp-json\/wp\/v2\/posts\/26117\/revisions"}],"predecessor-version":[{"id":26119,"href":"https:\/\/maricatotal.com.br\/site\/wp-json\/wp\/v2\/posts\/26117\/revisions\/26119"}],"wp:featuredmedia":[{"embeddable":true,"href":"https:\/\/maricatotal.com.br\/site\/wp-json\/wp\/v2\/media\/26118"}],"wp:attachment":[{"href":"https:\/\/maricatotal.com.br\/site\/wp-json\/wp\/v2\/media?parent=26117"}],"wp:term":[{"taxonomy":"category","embeddable":true,"href":"https:\/\/maricatotal.com.br\/site\/wp-json\/wp\/v2\/categories?post=26117"},{"taxonomy":"post_tag","embeddable":true,"href":"https:\/\/maricatotal.com.br\/site\/wp-json\/wp\/v2\/tags?post=26117"}],"curies":[{"name":"wp","href":"https:\/\/api.w.org\/{rel}","templated":true}]}}