{"id":26172,"date":"2021-07-10T06:44:28","date_gmt":"2021-07-10T09:44:28","guid":{"rendered":"https:\/\/maricatotal.com.br\/site\/?p=26172"},"modified":"2021-07-10T06:44:29","modified_gmt":"2021-07-10T09:44:29","slug":"marica-recebe-mais-10-500-doses-de-vacinas-contra-a-gripe","status":"publish","type":"post","link":"https:\/\/maricatotal.com.br\/site\/2021\/07\/10\/marica-recebe-mais-10-500-doses-de-vacinas-contra-a-gripe\/","title":{"rendered":"Maric\u00e1 recebe mais 10.500 doses de vacinas contra a gripe"},"content":{"rendered":"\n<p>A Prefeitura de Maric\u00e1, atrav\u00e9s da Secretaria de Sa\u00fade, recebeu, nesta sexta-feira, 09\/07, 10.500 doses do imunizante contra a gripe. A vacina \u00e9 trivalente e protege contra tr\u00eas tipos de gripe: a Influenza A (H1N1 e H3N2) e a Influenza B. As vacinas foram armazenadas no N\u00facleo Municipal de Imuniza\u00e7\u00e3o Dr. Heitor da Costa Matta (Centro).<\/p>\n\n\n\n<p>Segundo a subsecret\u00e1ria da pasta, Solange Oliveira, a expectativa de vacina\u00e7\u00e3o agora \u00e9 da popula\u00e7\u00e3o em geral.<\/p>\n\n\n\n<p>\u201cEsperamos vacinar mais de 80% da popula\u00e7\u00e3o de Maric\u00e1. N\u00e3o ser\u00e1 restringido mais aos grupos priorit\u00e1rios (idosos, crian\u00e7as, gestantes, pu\u00e9rperas, pessoas com comorbidades). N\u00e3o precisa agendar, \u00e9 s\u00f3 ir a uma das 24 Unidades de Sa\u00fade da Fam\u00edlia do munic\u00edpio. Basta levar um documento de identidade, CPF, e cart\u00e3o do SUS, se tiver. A vacina\u00e7\u00e3o n\u00e3o vai obedecer \u00e0 idade, vai obedecer \u00e0 demanda espont\u00e2nea\u201d, comentou.<\/p>\n\n\n\n<p>A subsecret\u00e1ria de Sa\u00fade destaca a import\u00e2ncia de se imunizar. \u201cA grande import\u00e2ncia da vacina\u00e7\u00e3o da Influenza \u00e9 primeiro, pela \u00e9poca do ano em que estamos que favorece as infec\u00e7\u00f5es respirat\u00f3rias. Com a vacina\u00e7\u00e3o a gente previne as formas graves de gripe reduzindo, assim, a incid\u00eancia de doen\u00e7as graves do aparelho respirat\u00f3rio e das s\u00edndromes respirat\u00f3rias graves. No contexto da pandemia, a vacina\u00e7\u00e3o torna-se ainda mais importante porque ela tamb\u00e9m ajuda a n\u00e3o aumentarmos as suspeitas da Covid-19 diante de uma infec\u00e7\u00e3o que pode n\u00e3o ser coronav\u00edrus<\/p>\n\n\n\n<p>Solange Oliveira orienta sobre os cuidados que devem ser adotados para quem ir\u00e1 se imunizar. \u201cO \u00fanico cuidado que \u00e9 absolutamente necess\u00e1rio \u00e9 que se a pessoa for se vacinar contra a Influenza, n\u00e3o tenha tomado a vacina para Covid-19 at\u00e9 15 dias antes. E, que tamb\u00e9m n\u00e3o fa\u00e7a a segunda dose ou primeira dose, 15 dias depois\u201d, concluiu a subsecret\u00e1ria.<\/p>\n\n\n\n<p>A vacina\u00e7\u00e3o contra Influenza est\u00e1 dispon\u00edvel nas salas de vacina\u00e7\u00e3o das 24 Unidades de Sa\u00fade da Fam\u00edlia (USF) de Maric\u00e1, de 8h \u00e0s 17h, de segunda a sexta-feira. As USF Posto Central, Ino\u00e3 1 e Jardim Atl\u00e2ntico possuem hor\u00e1rios de funcionamento estendido para a sala de vacina\u00e7\u00e3o, sendo de 8h \u00e0s 20h.<\/p>\n","protected":false},"excerpt":{"rendered":"<p>A Prefeitura de Maric\u00e1, atrav\u00e9s da Secretaria de Sa\u00fade, recebeu, nesta sexta-feira, 09\/07, 10.500 doses do imunizante contra a gripe.<\/p>\n","protected":false},"author":1,"featured_media":26173,"comment_status":"open","ping_status":"open","sticky":false,"template":"","format":"standard","meta":{"colormag_page_container_layout":"default_layout","colormag_page_sidebar_layout":"default_layout","footnotes":""},"categories":[18],"tags":[],"class_list":["post-26172","post","type-post","status-publish","format-standard","has-post-thumbnail","hentry","category-entretenimento"],"amp_enabled":true,"_links":{"self":[{"href":"https:\/\/maricatotal.com.br\/site\/wp-json\/wp\/v2\/posts\/26172","targetHints":{"allow":["GET"]}}],"collection":[{"href":"https:\/\/maricatotal.com.br\/site\/wp-json\/wp\/v2\/posts"}],"about":[{"href":"https:\/\/maricatotal.com.br\/site\/wp-json\/wp\/v2\/types\/post"}],"author":[{"embeddable":true,"href":"https:\/\/maricatotal.com.br\/site\/wp-json\/wp\/v2\/users\/1"}],"replies":[{"embeddable":true,"href":"https:\/\/maricatotal.com.br\/site\/wp-json\/wp\/v2\/comments?post=26172"}],"version-history":[{"count":1,"href":"https:\/\/maricatotal.com.br\/site\/wp-json\/wp\/v2\/posts\/26172\/revisions"}],"predecessor-version":[{"id":26174,"href":"https:\/\/maricatotal.com.br\/site\/wp-json\/wp\/v2\/posts\/26172\/revisions\/26174"}],"wp:featuredmedia":[{"embeddable":true,"href":"https:\/\/maricatotal.com.br\/site\/wp-json\/wp\/v2\/media\/26173"}],"wp:attachment":[{"href":"https:\/\/maricatotal.com.br\/site\/wp-json\/wp\/v2\/media?parent=26172"}],"wp:term":[{"taxonomy":"category","embeddable":true,"href":"https:\/\/maricatotal.com.br\/site\/wp-json\/wp\/v2\/categories?post=26172"},{"taxonomy":"post_tag","embeddable":true,"href":"https:\/\/maricatotal.com.br\/site\/wp-json\/wp\/v2\/tags?post=26172"}],"curies":[{"name":"wp","href":"https:\/\/api.w.org\/{rel}","templated":true}]}}