{"id":26180,"date":"2021-07-10T06:50:10","date_gmt":"2021-07-10T09:50:10","guid":{"rendered":"https:\/\/maricatotal.com.br\/site\/?p=26180"},"modified":"2021-07-10T06:50:11","modified_gmt":"2021-07-10T09:50:11","slug":"prefeitura-lanca-a-campanha-vermelhinhos-de-marica-nas-redes-sociais","status":"publish","type":"post","link":"https:\/\/maricatotal.com.br\/site\/2021\/07\/10\/prefeitura-lanca-a-campanha-vermelhinhos-de-marica-nas-redes-sociais\/","title":{"rendered":"Prefeitura lan\u00e7a a campanha \u201cVermelhinhos de Maric\u00e1\u201d nas redes sociais"},"content":{"rendered":"\n<p><br>Representar os modais gratuitos que s\u00e3o a marca de Maric\u00e1 e estimular a utiliza\u00e7\u00e3o pela popula\u00e7\u00e3o. Esse \u00e9 o objetivo da campanha \u201cVermelhinhos de Maric\u00e1\u201d, lan\u00e7ada nesta sexta-feira (09\/07) nas redes oficiais da Prefeitura, com v\u00eddeos destacando os \u00f4nibus tarifa-zero do munic\u00edpio \u2014 os vermelhinhos \u2014 , e as bicicletas gratuitas compartilhadas, conhecidas como \u2018vermelhinhas\u2019, parte do compromisso da cidade em democratizar o acesso de todos ao transporte p\u00fablico.<\/p>\n\n\n\n<p>O primeiro v\u00eddeo destinado \u00e0s redes \u00e9 intitulado \u201cPegue Sem Pagar\u201d e destaca, atrav\u00e9s de uma linguagem descontra\u00edda e atual, a presen\u00e7a dos vermelhinhos e vermelhinhas em toda a Maric\u00e1, auxiliando os moradores no deslocamento gratuito at\u00e9 o trabalho, \u00e0 escola, ou mesmo aos pontos tur\u00edsticos mais conhecidos do munic\u00edpio.<\/p>\n\n\n\n<p>O v\u00eddeo foi publicado, tamb\u00e9m, na rede social TikTok, uma das mais utilizadas atualmente e que conta agora com a presen\u00e7a da Prefeitura de Maric\u00e1 (@maricapref). Na rede, ser\u00e3o publicados challenges (desafios) \u00e0 audi\u00eancia, caracter\u00edsticos da plataforma, al\u00e9m de v\u00eddeos com conte\u00fados exclusivos direcionados ao p\u00fablico do TikTok.<\/p>\n\n\n\n<p>Para Isabelle Nunes da Concei\u00e7\u00e3o, de 26 anos, dan\u00e7arina que participou das grava\u00e7\u00f5es e moradora de Ino\u00e3, poder colaborar com a cidade \u00e9 uma honra e ressalta todas as pol\u00edticas sociais que Maric\u00e1 promove.<\/p>\n\n\n\n<p>\u201cPara mim, foi muito especial participar da campanha. Quando fiquei sabendo da chegada dos vermelhinhos \u00e0 cidade inteira, eu gravei um v\u00eddeo comemorando e viralizou pela cidade e, logo em seguida, me convidaram para participar desse comercial e me senti muito honrada e feliz\u201d, afirmou, destacando, tamb\u00e9m, os avan\u00e7os de Maric\u00e1 em meio \u00e0 pandemia. \u201cVivemos em um momento de pandemia, mas, em meio a tantas tristezas trazidas pela Covid-19, vemos Maric\u00e1 atuando cada vez mais, auxiliando toda a popula\u00e7\u00e3o, com muitos avan\u00e7os e isso se reflete na felicidade da popula\u00e7\u00e3o com tantas conquistas, algo que vejo desde que vim morar aqui\u201d, completou.<\/p>\n\n\n\n<p>Os \u00f4nibus \u2018vermelhinhos\u2019 circulam em Maric\u00e1 desde 2015 e, em mar\u00e7o deste ano \u2014 com o fim da concess\u00e3o da empresa que operava parte do transporte municipal \u2014, chegaram a Ino\u00e3 e Itaipua\u00e7u, os distritos mais populosos da cidade, alcan\u00e7ando todo o munic\u00edpio em mais de 30 linhas gratuitas. Com isso, Maric\u00e1 se tornou a primeira cidade brasileira com mais de 100 mil habitantes a ofertar transporte gratuito a toda a popula\u00e7\u00e3o.<\/p>\n\n\n\n<p>J\u00e1 as bikes compartilhadas \u2018vermelhinhas\u2019, entraram em opera\u00e7\u00e3o em mar\u00e7o de 2021, inicialmente em cinco esta\u00e7\u00f5es na regi\u00e3o central de Maric\u00e1 e, hoje, possuindo 19 esta\u00e7\u00f5es espalhadas pelo munic\u00edpio, com 190 bicicletas \u00e0 disposi\u00e7\u00e3o da popula\u00e7\u00e3o. A reserva das bicicletas \u00e9 feita atrav\u00e9s do aplicativo Vermelhinhas EPT, mediante um cadastro do usu\u00e1rio na plataforma ou presencialmente na sede da EPT.<\/p>\n","protected":false},"excerpt":{"rendered":"<p>Representar os modais gratuitos que s\u00e3o a marca de Maric\u00e1 e estimular a utiliza\u00e7\u00e3o pela popula\u00e7\u00e3o. Esse \u00e9 o objetivo<\/p>\n","protected":false},"author":1,"featured_media":26181,"comment_status":"open","ping_status":"open","sticky":false,"template":"","format":"standard","meta":{"colormag_page_container_layout":"default_layout","colormag_page_sidebar_layout":"default_layout","footnotes":""},"categories":[18],"tags":[],"class_list":["post-26180","post","type-post","status-publish","format-standard","has-post-thumbnail","hentry","category-entretenimento"],"amp_enabled":true,"_links":{"self":[{"href":"https:\/\/maricatotal.com.br\/site\/wp-json\/wp\/v2\/posts\/26180","targetHints":{"allow":["GET"]}}],"collection":[{"href":"https:\/\/maricatotal.com.br\/site\/wp-json\/wp\/v2\/posts"}],"about":[{"href":"https:\/\/maricatotal.com.br\/site\/wp-json\/wp\/v2\/types\/post"}],"author":[{"embeddable":true,"href":"https:\/\/maricatotal.com.br\/site\/wp-json\/wp\/v2\/users\/1"}],"replies":[{"embeddable":true,"href":"https:\/\/maricatotal.com.br\/site\/wp-json\/wp\/v2\/comments?post=26180"}],"version-history":[{"count":1,"href":"https:\/\/maricatotal.com.br\/site\/wp-json\/wp\/v2\/posts\/26180\/revisions"}],"predecessor-version":[{"id":26182,"href":"https:\/\/maricatotal.com.br\/site\/wp-json\/wp\/v2\/posts\/26180\/revisions\/26182"}],"wp:featuredmedia":[{"embeddable":true,"href":"https:\/\/maricatotal.com.br\/site\/wp-json\/wp\/v2\/media\/26181"}],"wp:attachment":[{"href":"https:\/\/maricatotal.com.br\/site\/wp-json\/wp\/v2\/media?parent=26180"}],"wp:term":[{"taxonomy":"category","embeddable":true,"href":"https:\/\/maricatotal.com.br\/site\/wp-json\/wp\/v2\/categories?post=26180"},{"taxonomy":"post_tag","embeddable":true,"href":"https:\/\/maricatotal.com.br\/site\/wp-json\/wp\/v2\/tags?post=26180"}],"curies":[{"name":"wp","href":"https:\/\/api.w.org\/{rel}","templated":true}]}}