{"id":2620,"date":"2019-08-01T10:38:42","date_gmt":"2019-08-01T13:38:42","guid":{"rendered":"http:\/\/maricatotal.com.br\/site\/?p=2620"},"modified":"2019-08-01T10:38:44","modified_gmt":"2019-08-01T13:38:44","slug":"no-km-22-sao-jose-do-imbassai-vai-ganhar-nova-passarela-de-pedestres","status":"publish","type":"post","link":"https:\/\/maricatotal.com.br\/site\/2019\/08\/01\/no-km-22-sao-jose-do-imbassai-vai-ganhar-nova-passarela-de-pedestres\/","title":{"rendered":"NO KM 22, S\u00c3O JOS\u00c9 DO IMBASSA\u00cd VAI GANHAR NOVA PASSARELA DE PEDESTRES"},"content":{"rendered":"\n<p>Um ano depois da instala\u00e7\u00e3o da passagem de pedestres, a Prefeitura est\u00e1 cumprindo o cronograma&nbsp; anunciado quando do in\u00edcio da&nbsp; implanta\u00e7\u00e3o dos \u201ctraffic calmings\u201d e come\u00e7ou a erguer a primeira das passarelas elevadas previstas para substitu\u00edrem tais obst\u00e1culos no Km 22 da RJ-106, em S\u00e3o Jos\u00e9 de Imbassa\u00ed. A passarela ter\u00e1 uma extens\u00e3o de 34 metros e 6,50 de altura, com rampas de 2 metros de largura de cada lado. A previs\u00e3o da Prefeitura \u00e9 entregar a obra em dezembro. O investimento do munic\u00edpio, apesar de a rodovia ser estadual, \u00e9 de R$ 1,5 milh\u00e3o.<\/p>\n\n\n\n<p>Nesta quarta-feira, Os primeiros movimentos j\u00e1 come\u00e7aram \u00e0s margens da pista sentido Niter\u00f3i da rodovia. Uma escavadeira j\u00e1 preparou uma das bases para a instala\u00e7\u00e3o da funda\u00e7\u00e3o.&nbsp; Outras duas passarelas tamb\u00e9m est\u00e3o previstas: uma pr\u00f3xima ao novo Hospital municipal Dr. Ernesto Che Guevara (no km 23) e outra em frente \u00e0 Escola Municipalizada Ino\u00e3, na altura do km 16.<\/p>\n\n\n\n<p>Inicialmente, segundo a Autarquia de Servi\u00e7os de Obras (Somar), os \u2018traffic calmings\u2019 que existem nos kms 16 e 22 n\u00e3o ser\u00e3o retirados. No entanto, a not\u00edcia da nova passarela agradou bastante os moradores de S\u00e3o Jos\u00e9 de Imbassa\u00ed, afirmando que a nova passagem ser\u00e1 mais segura. \u201cTeve um dia em que quase fui atropelada aqui porque um carro parou mas o motoqueiro n\u00e3o quis parar e \u2018cortou\u2019 o carro, e ainda me xingou ao passar. Na passarela n\u00e3o vai ter mais esse perigo\u201d, projetou a enfermeira Edilene da Silva Vieira, de 43 anos, moradora h\u00e1 quatro anos do loteamento Marine.<\/p>\n\n\n\n<p>A mesma opini\u00e3o teve Valcir Francisco dos Santos, de 66 anos, que tinha ido buscar a neta Maria Fernanda, de 4 anos, no CAIC Elomir Silva, onde \u00e9 aluna do pr\u00e9-escolar. \u201cTem gente que para e os que n\u00e3o param, acho que vai ser melhor para as crian\u00e7as que entram e saem da escola. Mas depois de pronta o povo vai ter de usar tamb\u00e9m, sen\u00e3o n\u00e3o adianta\u201d, alertou ele.<\/p>\n","protected":false},"excerpt":{"rendered":"<p>Um ano depois da instala\u00e7\u00e3o da passagem de pedestres, a Prefeitura est\u00e1 cumprindo o cronograma&nbsp; anunciado quando do in\u00edcio da&nbsp;<\/p>\n","protected":false},"author":1,"featured_media":2621,"comment_status":"open","ping_status":"open","sticky":false,"template":"","format":"standard","meta":{"colormag_page_container_layout":"default_layout","colormag_page_sidebar_layout":"default_layout","footnotes":""},"categories":[14],"tags":[],"class_list":["post-2620","post","type-post","status-publish","format-standard","has-post-thumbnail","hentry","category-bairros"],"amp_enabled":true,"_links":{"self":[{"href":"https:\/\/maricatotal.com.br\/site\/wp-json\/wp\/v2\/posts\/2620","targetHints":{"allow":["GET"]}}],"collection":[{"href":"https:\/\/maricatotal.com.br\/site\/wp-json\/wp\/v2\/posts"}],"about":[{"href":"https:\/\/maricatotal.com.br\/site\/wp-json\/wp\/v2\/types\/post"}],"author":[{"embeddable":true,"href":"https:\/\/maricatotal.com.br\/site\/wp-json\/wp\/v2\/users\/1"}],"replies":[{"embeddable":true,"href":"https:\/\/maricatotal.com.br\/site\/wp-json\/wp\/v2\/comments?post=2620"}],"version-history":[{"count":0,"href":"https:\/\/maricatotal.com.br\/site\/wp-json\/wp\/v2\/posts\/2620\/revisions"}],"wp:featuredmedia":[{"embeddable":true,"href":"https:\/\/maricatotal.com.br\/site\/wp-json\/wp\/v2\/media\/2621"}],"wp:attachment":[{"href":"https:\/\/maricatotal.com.br\/site\/wp-json\/wp\/v2\/media?parent=2620"}],"wp:term":[{"taxonomy":"category","embeddable":true,"href":"https:\/\/maricatotal.com.br\/site\/wp-json\/wp\/v2\/categories?post=2620"},{"taxonomy":"post_tag","embeddable":true,"href":"https:\/\/maricatotal.com.br\/site\/wp-json\/wp\/v2\/tags?post=2620"}],"curies":[{"name":"wp","href":"https:\/\/api.w.org\/{rel}","templated":true}]}}