{"id":26331,"date":"2021-07-13T10:47:50","date_gmt":"2021-07-13T13:47:50","guid":{"rendered":"https:\/\/maricatotal.com.br\/site\/?p=26331"},"modified":"2021-07-13T10:47:52","modified_gmt":"2021-07-13T13:47:52","slug":"dois-reporteres-da-globo-sao-rendidos-e-assaltados-por-criminosos-armados-no-rio","status":"publish","type":"post","link":"https:\/\/maricatotal.com.br\/site\/2021\/07\/13\/dois-reporteres-da-globo-sao-rendidos-e-assaltados-por-criminosos-armados-no-rio\/","title":{"rendered":"Dois rep\u00f3rteres da Globo s\u00e3o rendidos e assaltados por criminosos armados no Rio"},"content":{"rendered":"\n<p>Dois rep\u00f3rteres da TV Globo passaram por um grande susto na manh\u00e3 desta segunda-feira (12), na Avenida Vicente de Carvalho, na Zona Norte do Rio de Janeiro. O jornalista Diego Haidar e a rep\u00f3rter cinematogr\u00e1fica Valentina Duprat foram assaltados por criminosos armados.&nbsp;<\/p>\n\n\n\n<p>Ele relatou o ocorrido em seu Twitter. &#8220;Um homem chegou numa moto, apontou a arma, pediu os celulares e as senhas de acesso&#8221;, disse ele.&nbsp;<\/p>\n\n\n\n<p>Diego tranquilizou seus f\u00e3s e explicou que est\u00e1 bem, mas deu uma dica para as pessoas evitarem perderem seus dados caso tenham seus celulares roubados. &#8220;\u00c9 importante ter senhas diferentes para o desbloqueio do aparelho e para o acesso a outros aplicativos, principalmente o de bancos. Nada de senhas no bloco de notas ou documentos armazenados. E o e-mail pra confirmar trocas de senhas n\u00e3o deve ser instalado no aparelho&#8221;, disse ele nas redes.<\/p>\n\n\n\n<p>Em outra publica\u00e7\u00e3o no Twitter, Diego tamb\u00e9m pediu que as pessoas que tem o contato dele desconsiderassem &#8220;qualquer mensagem&#8221; que chegasse do celular dele.<\/p>\n\n\n\n<p>Nos coment\u00e1rios dos posts de Diego, as pessoas se pronunciaram contando que j\u00e1 passaram por situa\u00e7\u00f5es parecidas. &#8220;Minha m\u00e3e tamb\u00e9m foi assaltada \u00e1 umas semanas e ainda est\u00e1 com trauma. N\u00e3o pode ouvir barulho de moto que j\u00e1 come\u00e7a a passar mal. \u00c9 horr\u00edvel (sic)&#8221;, escreveu uma internauta. As pessoas tamb\u00e9m comemoraram que o rep\u00f3rter est\u00e1 bem. &#8220;O que importa \u00e9 que voc\u00ea esta vivo. &#8230;s\u00f3 Deus&#8230;.que Rio Maravilha&#8230;..(sic)&#8221;, escreveu outra pessoa para Diego.<\/p>\n","protected":false},"excerpt":{"rendered":"<p>Dois rep\u00f3rteres da TV Globo passaram por um grande susto na manh\u00e3 desta segunda-feira (12), na Avenida Vicente de Carvalho,<\/p>\n","protected":false},"author":1,"featured_media":26332,"comment_status":"open","ping_status":"open","sticky":false,"template":"","format":"standard","meta":{"colormag_page_container_layout":"default_layout","colormag_page_sidebar_layout":"default_layout","footnotes":""},"categories":[1],"tags":[],"class_list":["post-26331","post","type-post","status-publish","format-standard","has-post-thumbnail","hentry","category-noticias"],"amp_enabled":true,"_links":{"self":[{"href":"https:\/\/maricatotal.com.br\/site\/wp-json\/wp\/v2\/posts\/26331","targetHints":{"allow":["GET"]}}],"collection":[{"href":"https:\/\/maricatotal.com.br\/site\/wp-json\/wp\/v2\/posts"}],"about":[{"href":"https:\/\/maricatotal.com.br\/site\/wp-json\/wp\/v2\/types\/post"}],"author":[{"embeddable":true,"href":"https:\/\/maricatotal.com.br\/site\/wp-json\/wp\/v2\/users\/1"}],"replies":[{"embeddable":true,"href":"https:\/\/maricatotal.com.br\/site\/wp-json\/wp\/v2\/comments?post=26331"}],"version-history":[{"count":1,"href":"https:\/\/maricatotal.com.br\/site\/wp-json\/wp\/v2\/posts\/26331\/revisions"}],"predecessor-version":[{"id":26333,"href":"https:\/\/maricatotal.com.br\/site\/wp-json\/wp\/v2\/posts\/26331\/revisions\/26333"}],"wp:featuredmedia":[{"embeddable":true,"href":"https:\/\/maricatotal.com.br\/site\/wp-json\/wp\/v2\/media\/26332"}],"wp:attachment":[{"href":"https:\/\/maricatotal.com.br\/site\/wp-json\/wp\/v2\/media?parent=26331"}],"wp:term":[{"taxonomy":"category","embeddable":true,"href":"https:\/\/maricatotal.com.br\/site\/wp-json\/wp\/v2\/categories?post=26331"},{"taxonomy":"post_tag","embeddable":true,"href":"https:\/\/maricatotal.com.br\/site\/wp-json\/wp\/v2\/tags?post=26331"}],"curies":[{"name":"wp","href":"https:\/\/api.w.org\/{rel}","templated":true}]}}