{"id":26407,"date":"2021-07-15T00:58:18","date_gmt":"2021-07-15T03:58:18","guid":{"rendered":"https:\/\/maricatotal.com.br\/site\/?p=26407"},"modified":"2021-07-15T00:58:19","modified_gmt":"2021-07-15T03:58:19","slug":"vice-prefeito-faz-balanco-de-viagem-ao-norte-e-nordeste","status":"publish","type":"post","link":"https:\/\/maricatotal.com.br\/site\/2021\/07\/15\/vice-prefeito-faz-balanco-de-viagem-ao-norte-e-nordeste\/","title":{"rendered":"Vice-prefeito faz balan\u00e7o de viagem ao Norte e Nordeste"},"content":{"rendered":"\n<p>O vice-prefeito de Maric\u00e1, Diego Zeidan, realizou uma viagem pelo Norte e Nordeste e trouxe experi\u00eancias e projetos de v\u00e1rios tipos para aplica\u00e7\u00e3o na cidade. Entre eles a\u00e7\u00f5es ligadas a bancos comunit\u00e1rios e um programa de combate ao analfabetismo adulto.<\/p>\n\n\n\n<p>\u201cA viagem foi muito produtiva, com muito interc\u00e2mbio de ideias e projetos para trazermos para Maric\u00e1. Por onde passei, Maric\u00e1 foi reconhecida e as pessoas ficaram encantadas com nossa cidade e nossas pol\u00edticas p\u00fablicas\u201d, afirmou Diego.<\/p>\n\n\n\n<p>O projeto \u201cSim Eu Posso\u201d, de combate ao analfabetismo para adultos no Maranh\u00e3o est\u00e1 na lista dos citados para ser implementado em Maric\u00e1. Com esse m\u00e9todo, idealizado em Cuba, em pouco tempo o aluno aprende a ler e escrever e muda toda a sua forma de ver e interpretar o mundo em que vive.<\/p>\n\n\n\n<p>\u201cAl\u00e9m dele, dois projetos de economia solid\u00e1ria, um de incubadora de cooperativas de planos de neg\u00f3cios sociais e outro do pr\u00f3prio banco do povo, eles constru\u00edram um caminho legal para que a Prefeitura coloque dinheiro diretamente no banco, o que ainda n\u00e3o fazemos aqui em Maric\u00e1. O cr\u00e9dito que o banco Mumbuca disponibiliza se d\u00e1 a partir de fundo do pr\u00f3prio banco\u201d, explica o vice-prefeito, referindo-se ao percentual de cada opera\u00e7\u00e3o realizada com o cart\u00e3o Mumbuca e que fica com o banco para gerar novos cr\u00e9ditos. \u201cN\u00f3s pegamos a legisla\u00e7\u00e3o deles para conseguir que a Prefeitura aporte dinheiro e aumente o cr\u00e9dito que o banco pode oferecer\u201d, explicou o vice prefeito.<\/p>\n\n\n\n<p>Diego tamb\u00e9m participou durante a viagem, junto com o vice-prefeito de Bel\u00e9m, Edilson Moura, de um semin\u00e1rio sobre bancos comunit\u00e1rios e pol\u00edticas de cr\u00e9dito como indutores da economia local. Tamb\u00e9m participou do semin\u00e1rio do Banco Tupinamb\u00e1 e do Banco do Povo, ambos de Bel\u00e9m, e o Banco Mumbuca de Maric\u00e1, representado pela presidenta Manuela Mello.<\/p>\n","protected":false},"excerpt":{"rendered":"<p>O vice-prefeito de Maric\u00e1, Diego Zeidan, realizou uma viagem pelo Norte e Nordeste e trouxe experi\u00eancias e projetos de v\u00e1rios<\/p>\n","protected":false},"author":1,"featured_media":26408,"comment_status":"open","ping_status":"open","sticky":false,"template":"","format":"standard","meta":{"colormag_page_container_layout":"default_layout","colormag_page_sidebar_layout":"default_layout","footnotes":""},"categories":[17],"tags":[],"class_list":["post-26407","post","type-post","status-publish","format-standard","has-post-thumbnail","hentry","category-politica"],"amp_enabled":true,"_links":{"self":[{"href":"https:\/\/maricatotal.com.br\/site\/wp-json\/wp\/v2\/posts\/26407","targetHints":{"allow":["GET"]}}],"collection":[{"href":"https:\/\/maricatotal.com.br\/site\/wp-json\/wp\/v2\/posts"}],"about":[{"href":"https:\/\/maricatotal.com.br\/site\/wp-json\/wp\/v2\/types\/post"}],"author":[{"embeddable":true,"href":"https:\/\/maricatotal.com.br\/site\/wp-json\/wp\/v2\/users\/1"}],"replies":[{"embeddable":true,"href":"https:\/\/maricatotal.com.br\/site\/wp-json\/wp\/v2\/comments?post=26407"}],"version-history":[{"count":1,"href":"https:\/\/maricatotal.com.br\/site\/wp-json\/wp\/v2\/posts\/26407\/revisions"}],"predecessor-version":[{"id":26409,"href":"https:\/\/maricatotal.com.br\/site\/wp-json\/wp\/v2\/posts\/26407\/revisions\/26409"}],"wp:featuredmedia":[{"embeddable":true,"href":"https:\/\/maricatotal.com.br\/site\/wp-json\/wp\/v2\/media\/26408"}],"wp:attachment":[{"href":"https:\/\/maricatotal.com.br\/site\/wp-json\/wp\/v2\/media?parent=26407"}],"wp:term":[{"taxonomy":"category","embeddable":true,"href":"https:\/\/maricatotal.com.br\/site\/wp-json\/wp\/v2\/categories?post=26407"},{"taxonomy":"post_tag","embeddable":true,"href":"https:\/\/maricatotal.com.br\/site\/wp-json\/wp\/v2\/tags?post=26407"}],"curies":[{"name":"wp","href":"https:\/\/api.w.org\/{rel}","templated":true}]}}