{"id":26468,"date":"2021-07-15T18:53:28","date_gmt":"2021-07-15T21:53:28","guid":{"rendered":"https:\/\/maricatotal.com.br\/site\/?p=26468"},"modified":"2021-07-15T18:53:29","modified_gmt":"2021-07-15T21:53:29","slug":"base-do-samu-em-marica-ganha-novas-dependencias","status":"publish","type":"post","link":"https:\/\/maricatotal.com.br\/site\/2021\/07\/15\/base-do-samu-em-marica-ganha-novas-dependencias\/","title":{"rendered":"Base do SAMU em Maric\u00e1 ganha novas depend\u00eancias"},"content":{"rendered":"\n<p>A equipe do Servi\u00e7o de Atendimento M\u00f3vel de Urg\u00eancia (SAMU) de Maric\u00e1 passou a contar nesta quinta-feira (15\/7) com novas depend\u00eancias em sua base de opera\u00e7\u00f5es, que fica no anexo do Hospital Municipal Conde Modesto Leal. Agora com um total de 165 metros quadrados, a \u00e1rea tem uma sala de coordena\u00e7\u00e3o e outra para estudos e capacita\u00e7\u00e3o, al\u00e9m de um espa\u00e7o para dep\u00f3sito e arquivo. O novo espa\u00e7o foi entregue aos cerca de 70 profissionais numa cerim\u00f4nia com a presen\u00e7a do vice-prefeito Diego Zeidan e da secret\u00e1ria de Sa\u00fade do munic\u00edpio, Simone da Costa.<\/p>\n\n\n\n<p>A secret\u00e1ria de Sa\u00fade de Maric\u00e1, Simone da Costa lembrou que sempre foi um sonho revitalizar o espa\u00e7o e dar dignidade \u00e0 equipe. \u201c\u00c9 uma entrega importante para eles, que est\u00e3o o tempo todo na linha de frente. Para a popula\u00e7\u00e3o, um dos benef\u00edcios ser\u00e1 a melhoria no tempo-resposta \u00e0s emerg\u00eancias, al\u00e9m de ter a equipe mais treinada e capacitada. Esse investimento no material humano se reflete na melhoria no atendimento\u201d, afirmou, ao antecipar que uma das pr\u00f3ximas metas para o SAMU \u00e9 montar uma base descentralizada em Ponta Negra.<\/p>\n\n\n\n<p>O vice-prefeito observou que a nova base vai de encontro ao crescimento que a cidade experimenta. \u201cA cidade \u00e9 um organismo vivo que cresce, e seus equipamentos tamb\u00e9m precisam crescer. O atendimento se tornar\u00e1 mais \u00e1gil e, com isso, mais vidas ser\u00e3o salvas\u201d, concluiu Diego Zeidan.<\/p>\n\n\n\n<p>A \u00e1rea externa da base operacional teve seu piso asfaltado para facilitar a circula\u00e7\u00e3o das ambul\u00e2ncias e tamb\u00e9m das \u2018motol\u00e2ncias\u2019 que atendem aos chamados. De acordo com o coordenador Leonardo Ribeiro, a amplia\u00e7\u00e3o simboliza uma vit\u00f3ria de quem atua no local. \u201c\u00c9 bom para dar maior conforto aos profissionais e tamb\u00e9m para sua capacita\u00e7\u00e3o, pois trabalhamos aqui com educa\u00e7\u00e3o permanente, a cada plant\u00e3o\u201d, ressaltou.<\/p>\n\n\n\n<figure class=\"wp-block-image size-large\"><img loading=\"lazy\" decoding=\"async\" width=\"1024\" height=\"682\" src=\"https:\/\/maricatotal.com.br\/site\/wp-content\/uploads\/2021\/07\/WhatsApp-Image-2021-07-15-at-15.58.41-2-1024x682.jpeg\" alt=\"\" class=\"wp-image-26471\" srcset=\"https:\/\/maricatotal.com.br\/site\/wp-content\/uploads\/2021\/07\/WhatsApp-Image-2021-07-15-at-15.58.41-2-1024x682.jpeg 1024w, https:\/\/maricatotal.com.br\/site\/wp-content\/uploads\/2021\/07\/WhatsApp-Image-2021-07-15-at-15.58.41-2-300x200.jpeg 300w, https:\/\/maricatotal.com.br\/site\/wp-content\/uploads\/2021\/07\/WhatsApp-Image-2021-07-15-at-15.58.41-2-768x511.jpeg 768w, https:\/\/maricatotal.com.br\/site\/wp-content\/uploads\/2021\/07\/WhatsApp-Image-2021-07-15-at-15.58.41-2.jpeg 1280w\" sizes=\"auto, (max-width: 1024px) 100vw, 1024px\" \/><\/figure>\n\n\n\n<figure class=\"wp-block-image size-large\"><img loading=\"lazy\" decoding=\"async\" width=\"1024\" height=\"574\" src=\"https:\/\/maricatotal.com.br\/site\/wp-content\/uploads\/2021\/07\/WhatsApp-Image-2021-07-15-at-15.59.12-2-1024x574.jpeg\" alt=\"\" class=\"wp-image-26472\" srcset=\"https:\/\/maricatotal.com.br\/site\/wp-content\/uploads\/2021\/07\/WhatsApp-Image-2021-07-15-at-15.59.12-2-1024x574.jpeg 1024w, https:\/\/maricatotal.com.br\/site\/wp-content\/uploads\/2021\/07\/WhatsApp-Image-2021-07-15-at-15.59.12-2-300x168.jpeg 300w, https:\/\/maricatotal.com.br\/site\/wp-content\/uploads\/2021\/07\/WhatsApp-Image-2021-07-15-at-15.59.12-2-768x431.jpeg 768w, https:\/\/maricatotal.com.br\/site\/wp-content\/uploads\/2021\/07\/WhatsApp-Image-2021-07-15-at-15.59.12-2.jpeg 1280w\" sizes=\"auto, (max-width: 1024px) 100vw, 1024px\" \/><\/figure>\n\n\n\n<p><\/p>\n","protected":false},"excerpt":{"rendered":"<p>A equipe do Servi\u00e7o de Atendimento M\u00f3vel de Urg\u00eancia (SAMU) de Maric\u00e1 passou a contar nesta quinta-feira (15\/7) com novas<\/p>\n","protected":false},"author":1,"featured_media":26469,"comment_status":"open","ping_status":"open","sticky":false,"template":"","format":"standard","meta":{"colormag_page_container_layout":"default_layout","colormag_page_sidebar_layout":"default_layout","footnotes":""},"categories":[17],"tags":[],"class_list":["post-26468","post","type-post","status-publish","format-standard","has-post-thumbnail","hentry","category-politica"],"amp_enabled":true,"_links":{"self":[{"href":"https:\/\/maricatotal.com.br\/site\/wp-json\/wp\/v2\/posts\/26468","targetHints":{"allow":["GET"]}}],"collection":[{"href":"https:\/\/maricatotal.com.br\/site\/wp-json\/wp\/v2\/posts"}],"about":[{"href":"https:\/\/maricatotal.com.br\/site\/wp-json\/wp\/v2\/types\/post"}],"author":[{"embeddable":true,"href":"https:\/\/maricatotal.com.br\/site\/wp-json\/wp\/v2\/users\/1"}],"replies":[{"embeddable":true,"href":"https:\/\/maricatotal.com.br\/site\/wp-json\/wp\/v2\/comments?post=26468"}],"version-history":[{"count":2,"href":"https:\/\/maricatotal.com.br\/site\/wp-json\/wp\/v2\/posts\/26468\/revisions"}],"predecessor-version":[{"id":26473,"href":"https:\/\/maricatotal.com.br\/site\/wp-json\/wp\/v2\/posts\/26468\/revisions\/26473"}],"wp:featuredmedia":[{"embeddable":true,"href":"https:\/\/maricatotal.com.br\/site\/wp-json\/wp\/v2\/media\/26469"}],"wp:attachment":[{"href":"https:\/\/maricatotal.com.br\/site\/wp-json\/wp\/v2\/media?parent=26468"}],"wp:term":[{"taxonomy":"category","embeddable":true,"href":"https:\/\/maricatotal.com.br\/site\/wp-json\/wp\/v2\/categories?post=26468"},{"taxonomy":"post_tag","embeddable":true,"href":"https:\/\/maricatotal.com.br\/site\/wp-json\/wp\/v2\/tags?post=26468"}],"curies":[{"name":"wp","href":"https:\/\/api.w.org\/{rel}","templated":true}]}}