{"id":26474,"date":"2021-07-15T18:57:42","date_gmt":"2021-07-15T21:57:42","guid":{"rendered":"https:\/\/maricatotal.com.br\/site\/?p=26474"},"modified":"2021-07-15T18:57:44","modified_gmt":"2021-07-15T21:57:44","slug":"pre-enem-popular-ajuda-estudante-maricaense-a-obter-vaga-para-curso-superior-em-portugal","status":"publish","type":"post","link":"https:\/\/maricatotal.com.br\/site\/2021\/07\/15\/pre-enem-popular-ajuda-estudante-maricaense-a-obter-vaga-para-curso-superior-em-portugal\/","title":{"rendered":"Pr\u00e9-Enem Popular ajuda estudante maricaense a obter vaga para curso superior em Portugal"},"content":{"rendered":"\n<p>Mesmo durante a pandemia do novo coronav\u00edrus, uma ex-aluna da rede municipal de ensino de Maric\u00e1 e do Pr\u00e9-Enem Popular Iara Iavelberg mostra que o investimento municipal na Educa\u00e7\u00e3o abre caminhos sem limites. Ela, que sempre teve \u00f3timo desempenho na vida escolar, agora continuar\u00e1 os estudos com uma bolsa em Portugal a partir de outubro. Desir\u00e9e da Silva Policarpo tem 24 anos, mora no Flamengo e teve toda a sua vida escolar na educa\u00e7\u00e3o p\u00fablica, tendo cursado o ensino fundamental no C.E.M. Joana Benedicta Rangel, no Centro. Ap\u00f3s concluir o ensino m\u00e9dio, ela se inscreveu no curso preparat\u00f3rio oferecido pela Prefeitura e conquistou, atrav\u00e9s da nota obtida no Enem, uma bolsa de estudos de 50% na Escola Superior do Porto, onde vai cursar Arquitetura com o mestrado integrado \u00e0 gradua\u00e7\u00e3o.<\/p>\n\n\n\n<p>A matr\u00edcula da estudante est\u00e1 na fase da entrega de documentos e ela ter\u00e1 tamb\u00e9m de defender uma tese, cujo tema j\u00e1 foi escolhido: \u201cArquitetura Sustent\u00e1vel e Minimalista\u201d. Desir\u00e9e afirma que, principalmente, a aten\u00e7\u00e3o recebida dos professores e da coordena\u00e7\u00e3o do Pr\u00e9-Enem foi essencial para que ela estivesse bem preparada.<\/p>\n\n\n\n<p>\u201cTodos me ajudaram muito no que eu tive dificuldade, principalmente em Matem\u00e1tica, e consegui me superar. Eles estavam o tempo todo do nosso lado para esclarecer o que quer que fosse, at\u00e9 na hora de me candidatar para este curso em Portugal. Por causa da pandemia, tive de estudar remotamente e mesmo assim toda a equipe estava o tempo todo \u00e0 disposi\u00e7\u00e3o, realmente se importavam com a gente\u201d, exaltou Desir\u00e9e, que chegou ao curso na Europa atrav\u00e9s do Sal\u00e3o do Estudante, indicado pelos professores.<\/p>\n\n\n\n<p>A secret\u00e1ria de Educa\u00e7\u00e3o de Maric\u00e1, Adriana Costa, chama a aten\u00e7\u00e3o para outro aspecto: o resgate de alunos como Desir\u00e9e, que iniciaram seus estudos na rede p\u00fablica de Maric\u00e1. \u201cMuita gente que hoje est\u00e1 no Pr\u00e9-Enem Popular e que cresceu na cidade passou pela nossa rede desde a educa\u00e7\u00e3o infantil at\u00e9 os anos finais, uma sequ\u00eancia s\u00f3 interrompida pelo ensino m\u00e9dio, que \u00e9 de responsabilidade do governo estadual. Boa parte desse grupo retornou atrav\u00e9s do preparat\u00f3rio para que n\u00f3s d\u00e9ssemos o toque final em sua prepara\u00e7\u00e3o para a universidade, e com voos bem altos como o dessa aluna, que nos deixa muito orgulhosos do nosso trabalho\u201d, afirmou Adriana.<\/p>\n\n\n\n<p>A fam\u00edlia ficou dividida entre o orgulho e a expectativa pela viagem da ca\u00e7ula, que tem outros dois irm\u00e3os. De acordo com a m\u00e3e, a artes\u00e3 C\u00e1tia Cristina Policarpo, a conquista da vaga em Portugal foi um esfor\u00e7o inteiramente da filha. \u201cEla \u00e9 uma excelente filha e eu sempre disse que ela deveria criar suas pr\u00f3prias asas, desde que ela seja uma pessoa boa, do bem\u201d, garante a m\u00e3e, que tem 53 anos.<\/p>\n\n\n\n<p>Para o coordenador do Pr\u00e9-Enem Popular Iara Iavemberg, William Campos, o sucesso de Desir\u00e9e Policarpo vai ajudar muita gente a saber que pode estudar no exterior atrav\u00e9s da nota do exame nacional. Ele lembrou, por\u00e9m, que ela n\u00e3o foi a primeira aluna oriunda do preparat\u00f3rio a obter uma vaga naquele pa\u00eds.<\/p>\n\n\n\n<p>\u201cEm 2018 tivemos a Stefany Ara\u00fajo, que conseguiu tamb\u00e9m uma bolsa de 50% no curso de Gest\u00e3o Marinha e Costeira, na prestigiada e tradicional Universidade de Algarves. Desir\u00e9e \u00e9 mais um exemplo que vai mostrar que isso \u00e9 poss\u00edvel a todos. Eu comparo esse feito como equivalente a obter o primeiro lugar em uma universidade p\u00fablica aqui no Brasil. Para n\u00f3s, \u00e9 uma imensa felicidade\u201d, comemorou William ao ressaltar que, mesmo durante a pandemia, o Pr\u00e9-Enem aprovou mais de 40 estudantes para essas institui\u00e7\u00f5es.<\/p>\n","protected":false},"excerpt":{"rendered":"<p>Mesmo durante a pandemia do novo coronav\u00edrus, uma ex-aluna da rede municipal de ensino de Maric\u00e1 e do Pr\u00e9-Enem Popular<\/p>\n","protected":false},"author":1,"featured_media":26475,"comment_status":"open","ping_status":"open","sticky":false,"template":"","format":"standard","meta":{"colormag_page_container_layout":"default_layout","colormag_page_sidebar_layout":"default_layout","footnotes":""},"categories":[18],"tags":[],"class_list":["post-26474","post","type-post","status-publish","format-standard","has-post-thumbnail","hentry","category-entretenimento"],"amp_enabled":true,"_links":{"self":[{"href":"https:\/\/maricatotal.com.br\/site\/wp-json\/wp\/v2\/posts\/26474","targetHints":{"allow":["GET"]}}],"collection":[{"href":"https:\/\/maricatotal.com.br\/site\/wp-json\/wp\/v2\/posts"}],"about":[{"href":"https:\/\/maricatotal.com.br\/site\/wp-json\/wp\/v2\/types\/post"}],"author":[{"embeddable":true,"href":"https:\/\/maricatotal.com.br\/site\/wp-json\/wp\/v2\/users\/1"}],"replies":[{"embeddable":true,"href":"https:\/\/maricatotal.com.br\/site\/wp-json\/wp\/v2\/comments?post=26474"}],"version-history":[{"count":1,"href":"https:\/\/maricatotal.com.br\/site\/wp-json\/wp\/v2\/posts\/26474\/revisions"}],"predecessor-version":[{"id":26476,"href":"https:\/\/maricatotal.com.br\/site\/wp-json\/wp\/v2\/posts\/26474\/revisions\/26476"}],"wp:featuredmedia":[{"embeddable":true,"href":"https:\/\/maricatotal.com.br\/site\/wp-json\/wp\/v2\/media\/26475"}],"wp:attachment":[{"href":"https:\/\/maricatotal.com.br\/site\/wp-json\/wp\/v2\/media?parent=26474"}],"wp:term":[{"taxonomy":"category","embeddable":true,"href":"https:\/\/maricatotal.com.br\/site\/wp-json\/wp\/v2\/categories?post=26474"},{"taxonomy":"post_tag","embeddable":true,"href":"https:\/\/maricatotal.com.br\/site\/wp-json\/wp\/v2\/tags?post=26474"}],"curies":[{"name":"wp","href":"https:\/\/api.w.org\/{rel}","templated":true}]}}