{"id":26895,"date":"2021-07-26T08:06:29","date_gmt":"2021-07-26T11:06:29","guid":{"rendered":"https:\/\/maricatotal.com.br\/site\/?p=26895"},"modified":"2021-07-26T08:06:30","modified_gmt":"2021-07-26T11:06:30","slug":"prefeitura-realiza-semana-em-homenagem-ao-dia-internacional-da-mulher-negra-latino-americana-e-caribenha","status":"publish","type":"post","link":"https:\/\/maricatotal.com.br\/site\/2021\/07\/26\/prefeitura-realiza-semana-em-homenagem-ao-dia-internacional-da-mulher-negra-latino-americana-e-caribenha\/","title":{"rendered":"Prefeitura realiza semana em homenagem ao Dia Internacional da Mulher Negra Latino-Americana e Caribenha"},"content":{"rendered":"\n<p>A Prefeitura de Maric\u00e1, atrav\u00e9s da Secretaria de Participa\u00e7\u00e3o Popular, Direitos Humanos e da Mulher, das Coordenadorias de Pol\u00edticas P\u00fablicas para Mulheres e Pol\u00edticas P\u00fablicas para Igualdade Racial, promove de 26 a 29 de julho diversas atividades em homenagem ao Dia Internacional da Mulher Negra Latino-Americana e Caribenha. O evento contar\u00e1 com a marca\u00e7\u00e3o de exames ginecol\u00f3gicos, teste de Infec\u00e7\u00f5es Sexualmente Transmiss\u00edveis (IST), at\u00e9 assist\u00eancia jur\u00eddica com a OAB de Maric\u00e1 e participa\u00e7\u00e3o da Secretaria de Assist\u00eancia Social junto a Casa da Mulher. A homenagem tamb\u00e9m est\u00e1 sendo realizada nas redes sociais da Prefeitura com post em feed e nos stories, al\u00e9m de outdoor e minidoor espalhados pelo munic\u00edpio.<\/p>\n\n\n\n<p>De acordo com a coordenadora de Pol\u00edticas P\u00fablicas para Igualdade Racial, Valesca Souza, o Dia da Mulher Negra, Latino Americana e Caribenha \u00e9 o momento para falar sobre negritude e quebrar certos estere\u00f3tipos, ressaltando o papel dessas mulheres em todos os setores da sociedade.<\/p>\n\n\n\n<p>\u201c\u00c9 de extrema necessidade fazer com que as pessoas tenham a sensibilidade para olhar os problemas e especificidades das mulheres negras nas quais ainda t\u00eam sua jornada de trabalho abusiva, com sal\u00e1rios inferiores aos das outras mulheres e a falta de reconhecimento em quase todas as \u00e1reas profissionais. Vale ressaltar ainda que em tempos de pandemia, as mulheres pretas s\u00e3o as que mais sofrem viol\u00eancia dom\u00e9stica, onde os agressores s\u00e3o os seus parceiros, aqueles que deveriam proteg\u00ea-las com todas as for\u00e7as. Combater todos esses problemas \u00e9 nosso desafio di\u00e1rio, apesar dos pequenos avan\u00e7os ainda temos muita estrada a percorrer\u201d, explicou \u00e0 coordenadora.<\/p>\n\n\n\n<p>Para a enfermeira, Helena Arag\u00e3o, 32 anos, coordenadora da Maternidade do Hospital Municipal Conde Modesto Leal, ser mulher e negra \u00e9 existir e resistir em nossa sociedade.<\/p>\n\n\n\n<p>\u201cSou moradora de Maric\u00e1 desde os meus cinco anos, filha de pais professores e bolsistas do Prouni. Para conseguir cursar a faculdade eu tive que utilizar as pol\u00edticas sociais, o \u00f4nibus gratuito. Depois que me formei comecei a trabalhar em v\u00e1rios hospitais e percebi que n\u00f3s mulheres e negras precisamos sempre nos reafirmar, sempre temos esfor\u00e7o dobrado para conquistar e chegar a um determinado lugar\u201d, disse.<\/p>\n\n\n\n<p>Com a mesma opini\u00e3o que a enfermeira, a assistente social, Sely Cristina da Silva, menciona que a grande dificuldade da mulher negra \u00e9 a inclus\u00e3o no mercado de trabalho. \u201cNos capacitamos e mesmo assim percebemos a dificuldade de inclus\u00e3o no mercado, a discrimina\u00e7\u00e3o ainda \u00e9 muito grande, o preconceito com o cabelo ainda \u00e9 bem vis\u00edvel\u201d, afirmou Sely.<\/p>\n\n\n\n<p>A advogada e presidente da comiss\u00e3o de Igualdade Racial e Verdade da Ordem dos Advogados do Brasil (OAB) subse\u00e7\u00e3o de Maric\u00e1, M\u00e1rcia Braz, destacou que a mulher negra ainda \u00e9 invis\u00edvel para a sociedade, est\u00e1 na base da pir\u00e2mide, e ainda assim \u00e9 chefe de fam\u00edlia, e em muitos casos a \u00fanica provedora. Al\u00e9m disso, ela ocupa os primeiros lugares do ranking da viol\u00eancia, seja f\u00edsica, moral ou fatal (feminic\u00eddio).<\/p>\n\n\n\n<p>M\u00e1rcia Braz lembrou que apesar das cotas raciais para concursos, universidades as mulheres, em especial as negras est\u00e3o longe de ocuparem cargos de poder.<\/p>\n\n\n\n<p>\u201cPrecisamos avan\u00e7ar ainda mais, inclusive no combate \u00e0 viol\u00eancia. Que implica na conscientiza\u00e7\u00e3o no atendimento na sa\u00fade e no combate a masculinidade t\u00f3xica, que deve ser trabalhada dentro das escolas desde o ensino fundamental, para mudarmos essa mentalidade de normaliza\u00e7\u00e3o da viol\u00eancia contra mulheres\u201d, concluiu.<\/p>\n\n\n\n<p>Merendeira do Centro Educacional Joana Benedicta Rangel, Cristiane Machado, m\u00e3e solteira de tr\u00eas filhas, orgulha-se de poder dar uma boa educa\u00e7\u00e3o para as filhas. \u201cSou muito grata por ser moradora de Maric\u00e1, poder oferecer uma boa educa\u00e7\u00e3o, uma cidade que temos igualdade e que n\u00e3o julga pela cor de pele\u201d, conclui.<\/p>\n\n\n\n<p>Hist\u00f3ria da data:<\/p>\n\n\n\n<p>O Dia Internacional da Mulher Negra Latina-Americana e Caribenha nasceu em 1992 atrav\u00e9s de um encontro de mulheres negras em Santo Domingos, na Rep\u00fablica Dominicana. O encontro resultou na defini\u00e7\u00e3o da data e cria\u00e7\u00e3o de uma rede para pressionar a Organiza\u00e7\u00e3o das Na\u00e7\u00f5es Unidas (ONU) a assumir a luta contra as opress\u00f5es de ra\u00e7a e g\u00eanero.<\/p>\n\n\n\n<p>Confira a programa\u00e7\u00e3o completa:<\/p>\n\n\n\n<p>26\/07 \u2013 10h \u00e0s 16h \u2013 Residencial Carlos Marighella (condom\u00ednio do Minha Casa Minha Vida de Itaipua\u00e7u)<\/p>\n\n\n\n<p>27\/07 \u2013 10h \u00e0s 16h \u2013 Residencial Carlos Alberto Soares de Freitas (condom\u00ednio do programa \u2018Minha Casa, Minha Vida\u2019 em Ino\u00e3)<\/p>\n\n\n\n<p>28\/07 \u2013 10h \u00e0s 16h \u2013 Escola Municipal Amanda Pe\u00f1a no bairro Bananal<\/p>\n\n\n\n<p>29\/07 \u2013 10h \u00e0s 16h \u2013 Pra\u00e7a Conselheiro Macedo Soares (Pra\u00e7a do Turismo) \u2013 Centro de Maric\u00e1<\/p>\n","protected":false},"excerpt":{"rendered":"<p>A Prefeitura de Maric\u00e1, atrav\u00e9s da Secretaria de Participa\u00e7\u00e3o Popular, Direitos Humanos e da Mulher, das Coordenadorias de Pol\u00edticas P\u00fablicas<\/p>\n","protected":false},"author":1,"featured_media":26896,"comment_status":"open","ping_status":"open","sticky":false,"template":"","format":"standard","meta":{"colormag_page_container_layout":"default_layout","colormag_page_sidebar_layout":"default_layout","footnotes":""},"categories":[18],"tags":[],"class_list":["post-26895","post","type-post","status-publish","format-standard","has-post-thumbnail","hentry","category-entretenimento"],"amp_enabled":true,"_links":{"self":[{"href":"https:\/\/maricatotal.com.br\/site\/wp-json\/wp\/v2\/posts\/26895","targetHints":{"allow":["GET"]}}],"collection":[{"href":"https:\/\/maricatotal.com.br\/site\/wp-json\/wp\/v2\/posts"}],"about":[{"href":"https:\/\/maricatotal.com.br\/site\/wp-json\/wp\/v2\/types\/post"}],"author":[{"embeddable":true,"href":"https:\/\/maricatotal.com.br\/site\/wp-json\/wp\/v2\/users\/1"}],"replies":[{"embeddable":true,"href":"https:\/\/maricatotal.com.br\/site\/wp-json\/wp\/v2\/comments?post=26895"}],"version-history":[{"count":1,"href":"https:\/\/maricatotal.com.br\/site\/wp-json\/wp\/v2\/posts\/26895\/revisions"}],"predecessor-version":[{"id":26897,"href":"https:\/\/maricatotal.com.br\/site\/wp-json\/wp\/v2\/posts\/26895\/revisions\/26897"}],"wp:featuredmedia":[{"embeddable":true,"href":"https:\/\/maricatotal.com.br\/site\/wp-json\/wp\/v2\/media\/26896"}],"wp:attachment":[{"href":"https:\/\/maricatotal.com.br\/site\/wp-json\/wp\/v2\/media?parent=26895"}],"wp:term":[{"taxonomy":"category","embeddable":true,"href":"https:\/\/maricatotal.com.br\/site\/wp-json\/wp\/v2\/categories?post=26895"},{"taxonomy":"post_tag","embeddable":true,"href":"https:\/\/maricatotal.com.br\/site\/wp-json\/wp\/v2\/tags?post=26895"}],"curies":[{"name":"wp","href":"https:\/\/api.w.org\/{rel}","templated":true}]}}