{"id":27027,"date":"2021-07-28T10:06:50","date_gmt":"2021-07-28T13:06:50","guid":{"rendered":"https:\/\/maricatotal.com.br\/site\/?p=27027"},"modified":"2021-07-28T10:06:51","modified_gmt":"2021-07-28T13:06:51","slug":"frente-fria-chega-em-marica-nesta-quarta-feira-temperatura-minima-pode-chegar-a-11oc-na-sexta-4","status":"publish","type":"post","link":"https:\/\/maricatotal.com.br\/site\/2021\/07\/28\/frente-fria-chega-em-marica-nesta-quarta-feira-temperatura-minima-pode-chegar-a-11oc-na-sexta-4\/","title":{"rendered":"Frente fria chega em Maric\u00e1 nesta quarta-feira; temperatura m\u00ednima pode chegar a 11\u00baC na sexta"},"content":{"rendered":"\n<p>Uma frente fria chegou no munic\u00edpio de Maric\u00e1 na madrugada desta quarta-feira (28) e deve permanecer por pelo menos at\u00e9 o pr\u00f3ximo domingo.&nbsp;<\/p>\n\n\n\n<p>Segundo o Climatempo, hoje o dia ser\u00e1 com pancadas de chuva durante o dia e a noite chuvosa. A temperatura m\u00ednima ser\u00e1 de 16\u00baC e a m\u00e1xima de 24\u00baC.<\/p>\n\n\n\n<p>J\u00e1 na pr\u00f3xima quinta, o tempo permanece nublado com chuvas durante o dia, com a temperatura entre 14\u00baC e 19\u00baC.&nbsp;<\/p>\n\n\n\n<p>A sexta-feira promete ser um dos dias mais frios do ano, com a temperatura m\u00ednima chegando \u00e0 11\u00baC e a m\u00e1xima em 20\u00b0C, mas sem chuva.<\/p>\n\n\n\n<p>No s\u00e1bado e domingo, o tempo permanece frio com a temperatura variando entre 13\u00baC e 20\u00b0C, com grande possibilidades de pancadas de chuva.<\/p>\n","protected":false},"excerpt":{"rendered":"<p>Uma frente fria chegou no munic\u00edpio de Maric\u00e1 na madrugada desta quarta-feira (28) e deve permanecer por pelo menos at\u00e9<\/p>\n","protected":false},"author":1,"featured_media":27028,"comment_status":"open","ping_status":"open","sticky":false,"template":"","format":"standard","meta":{"colormag_page_container_layout":"default_layout","colormag_page_sidebar_layout":"default_layout","footnotes":""},"categories":[14],"tags":[],"class_list":["post-27027","post","type-post","status-publish","format-standard","has-post-thumbnail","hentry","category-bairros"],"amp_enabled":true,"_links":{"self":[{"href":"https:\/\/maricatotal.com.br\/site\/wp-json\/wp\/v2\/posts\/27027","targetHints":{"allow":["GET"]}}],"collection":[{"href":"https:\/\/maricatotal.com.br\/site\/wp-json\/wp\/v2\/posts"}],"about":[{"href":"https:\/\/maricatotal.com.br\/site\/wp-json\/wp\/v2\/types\/post"}],"author":[{"embeddable":true,"href":"https:\/\/maricatotal.com.br\/site\/wp-json\/wp\/v2\/users\/1"}],"replies":[{"embeddable":true,"href":"https:\/\/maricatotal.com.br\/site\/wp-json\/wp\/v2\/comments?post=27027"}],"version-history":[{"count":1,"href":"https:\/\/maricatotal.com.br\/site\/wp-json\/wp\/v2\/posts\/27027\/revisions"}],"predecessor-version":[{"id":27029,"href":"https:\/\/maricatotal.com.br\/site\/wp-json\/wp\/v2\/posts\/27027\/revisions\/27029"}],"wp:featuredmedia":[{"embeddable":true,"href":"https:\/\/maricatotal.com.br\/site\/wp-json\/wp\/v2\/media\/27028"}],"wp:attachment":[{"href":"https:\/\/maricatotal.com.br\/site\/wp-json\/wp\/v2\/media?parent=27027"}],"wp:term":[{"taxonomy":"category","embeddable":true,"href":"https:\/\/maricatotal.com.br\/site\/wp-json\/wp\/v2\/categories?post=27027"},{"taxonomy":"post_tag","embeddable":true,"href":"https:\/\/maricatotal.com.br\/site\/wp-json\/wp\/v2\/tags?post=27027"}],"curies":[{"name":"wp","href":"https:\/\/api.w.org\/{rel}","templated":true}]}}