{"id":2707,"date":"2019-08-06T09:07:44","date_gmt":"2019-08-06T12:07:44","guid":{"rendered":"http:\/\/maricatotal.com.br\/site\/?p=2707"},"modified":"2019-08-06T09:07:46","modified_gmt":"2019-08-06T12:07:46","slug":"lei-maria-da-penha-comemora-13o-aniversario-com-acoes-na-cidade","status":"publish","type":"post","link":"https:\/\/maricatotal.com.br\/site\/2019\/08\/06\/lei-maria-da-penha-comemora-13o-aniversario-com-acoes-na-cidade\/","title":{"rendered":"LEI MARIA DA PENHA COMEMORA 13\u00ba ANIVERS\u00c1RIO COM A\u00c7\u00d5ES NA CIDADE"},"content":{"rendered":"\n<p>A Coordena\u00e7\u00e3o de Pol\u00edticas para as Mulheres, da Secretaria de Participa\u00e7\u00e3o Popular, Direitos Humanos e Mulher&nbsp;vai promover, quarta-feira (07\/08) uma a\u00e7\u00e3o sobre o 13\u00ba anivers\u00e1rio da Lei&nbsp;Lei 11.340\/2006, mais conhecida como \u201cLei Maria da Penha\u201d. A programa\u00e7\u00e3o prev\u00ea panfletagens nos condom\u00ednios do programa \u2018Minha Casa, Minha Vida\u2019 de Ino\u00e3 e Itaipua\u00e7u e nos terminais rodovi\u00e1rios de Itaipua\u00e7u e do Centro. Os \u00f4nibus Vermelhinhos tamb\u00e9m ter\u00e3o cartazes que lembram a data&nbsp; distribu\u00eddos em todos os ve\u00edculos. Para as panfletagens, a Coordena\u00e7\u00e3o vai contar com o apoio do Centro de Defesa dos Bairros (CDB), da Secretaria de Direitos Humanos, e de parceiros dos condom\u00ednios MCMV.<\/p>\n\n\n\n<p>\u201cA Lei Maria da Penha \u00e9 um poderoso instrumento para coibir e enfrentar a viol\u00eancia dom\u00e9stica contra as Mulheres, no entanto, 13 anos ap\u00f3s sua san\u00e7\u00e3o, ainda nos deparamos com in\u00fameros casos de viol\u00eancia que nos obrigam&nbsp; a continuar com essas a\u00e7\u00f5es de conscientiza\u00e7\u00e3o\u201d, afirma a coordenadora Luciana Piredda. \u201cInfelizmente, ainda vemos crescer o machismo, a misoginia, a amea\u00e7a e o feminic\u00eddio e isso nos d\u00e1 o dever de lutar para que mais pessoas tomem conhecimento da melhor forma de combate, que \u00e9 a informa\u00e7\u00e3o de prote\u00e7\u00e3o \u00e0 mulher\u201d, completou.<\/p>\n\n\n\n<p>Programa\u00e7\u00e3o:<\/p>\n\n\n\n<p>9h \u2013 MCMV Ino\u00e3<\/p>\n\n\n\n<p>12h \u2013 Terminal Rodovi\u00e1rio de Itaipua\u00e7u<\/p>\n\n\n\n<p>14h \u2013 MCMV Itaipua\u00e7u<\/p>\n\n\n\n<p>16h30 \u2013 Terminal Rodovi\u00e1rio Centro.<\/p>\n","protected":false},"excerpt":{"rendered":"<p>A Coordena\u00e7\u00e3o de Pol\u00edticas para as Mulheres, da Secretaria de Participa\u00e7\u00e3o Popular, Direitos Humanos e Mulher&nbsp;vai promover, quarta-feira (07\/08) uma<\/p>\n","protected":false},"author":1,"featured_media":2708,"comment_status":"open","ping_status":"open","sticky":false,"template":"","format":"standard","meta":{"colormag_page_container_layout":"default_layout","colormag_page_sidebar_layout":"default_layout","footnotes":""},"categories":[18],"tags":[],"class_list":["post-2707","post","type-post","status-publish","format-standard","has-post-thumbnail","hentry","category-entretenimento"],"amp_enabled":true,"_links":{"self":[{"href":"https:\/\/maricatotal.com.br\/site\/wp-json\/wp\/v2\/posts\/2707","targetHints":{"allow":["GET"]}}],"collection":[{"href":"https:\/\/maricatotal.com.br\/site\/wp-json\/wp\/v2\/posts"}],"about":[{"href":"https:\/\/maricatotal.com.br\/site\/wp-json\/wp\/v2\/types\/post"}],"author":[{"embeddable":true,"href":"https:\/\/maricatotal.com.br\/site\/wp-json\/wp\/v2\/users\/1"}],"replies":[{"embeddable":true,"href":"https:\/\/maricatotal.com.br\/site\/wp-json\/wp\/v2\/comments?post=2707"}],"version-history":[{"count":0,"href":"https:\/\/maricatotal.com.br\/site\/wp-json\/wp\/v2\/posts\/2707\/revisions"}],"wp:featuredmedia":[{"embeddable":true,"href":"https:\/\/maricatotal.com.br\/site\/wp-json\/wp\/v2\/media\/2708"}],"wp:attachment":[{"href":"https:\/\/maricatotal.com.br\/site\/wp-json\/wp\/v2\/media?parent=2707"}],"wp:term":[{"taxonomy":"category","embeddable":true,"href":"https:\/\/maricatotal.com.br\/site\/wp-json\/wp\/v2\/categories?post=2707"},{"taxonomy":"post_tag","embeddable":true,"href":"https:\/\/maricatotal.com.br\/site\/wp-json\/wp\/v2\/tags?post=2707"}],"curies":[{"name":"wp","href":"https:\/\/api.w.org\/{rel}","templated":true}]}}