{"id":27144,"date":"2021-07-30T14:11:56","date_gmt":"2021-07-30T17:11:56","guid":{"rendered":"https:\/\/maricatotal.com.br\/site\/?p=27144"},"modified":"2021-07-30T14:11:57","modified_gmt":"2021-07-30T17:11:57","slug":"cordeirinho-recebe-o-programa-maricaverde","status":"publish","type":"post","link":"https:\/\/maricatotal.com.br\/site\/2021\/07\/30\/cordeirinho-recebe-o-programa-maricaverde\/","title":{"rendered":"Cordeirinho recebe o programa Maric\u00e1+Verde"},"content":{"rendered":"\n<p>O programa Maric\u00e1 +Verde da Secretaria de Cidade Sustent\u00e1vel de Maric\u00e1, esteve nesta quinta-feira (29\/07) em Cordeirinho, onde foram distribu\u00eddas aproximadamente 100 mudas de plantas nativas na Mata Atl\u00e2ntica, como Yp\u00ea Rosa e Amarelo, Moringa, Capim Lim\u00e3o, Palmeirinha de Garrafa, Algod\u00e3o da Praia, Aroeira, Ameixa e Goiaba.<\/p>\n\n\n\n<p>Para o secret\u00e1rio de Cidade Sustent\u00e1vel, Helter Ferreira, a procura por parte das pessoas pelas mudas, mostra a grande aceita\u00e7\u00e3o do programa, pelos moradores da cidade.<\/p>\n\n\n\n<p>\u201cA procura tem sido grande, e \u00e9 sempre \u00e9 um sucesso a distribui\u00e7\u00e3o. Temos um p\u00fablico preocupado em tornar a cidade mais verde. A prova \u00e9 que as mudas acabam rapidamente\u201d, explica o secret\u00e1rio.<\/p>\n\n\n\n<p>Morando h\u00e1 pouco tempo em Cordeirinho, a dona de casa Nadier Milard, de 50 anos, ficou empolgada com a entrega das mudas. \u201cEu fiquei apaixonada, achei bel\u00edssima essa iniciativa, sou apaixonada por plantas e com certeza meu dia j\u00e1 come\u00e7ou mais feliz com essas novas maravilhas\u201d, afirmou.<\/p>\n\n\n\n<p>Apaixonada por plantas, J\u00falia Cordeiro, de 24 anos, aproveitou para passar na tenda montada na Rua 90, para levar mudas de esp\u00e9cies da Mata Atl\u00e2ntica para casa.<\/p>\n\n\n\n<p>\u201cEstou radiante com minhas novas plantinhas. Peguei o Algod\u00e3o da Praia, a Goiaba Verde e Palmeirinha e aprendi como vou cuidar. J\u00e1 estou ansiosa para acompanhar o crescimento delas. Planta \u00e9 vida e nossa casa precisa delas\u201d, disse.<\/p>\n","protected":false},"excerpt":{"rendered":"<p>O programa Maric\u00e1 +Verde da Secretaria de Cidade Sustent\u00e1vel de Maric\u00e1, esteve nesta quinta-feira (29\/07) em Cordeirinho, onde foram distribu\u00eddas<\/p>\n","protected":false},"author":1,"featured_media":27145,"comment_status":"open","ping_status":"open","sticky":false,"template":"","format":"standard","meta":{"colormag_page_container_layout":"default_layout","colormag_page_sidebar_layout":"default_layout","footnotes":""},"categories":[14,18],"tags":[],"class_list":["post-27144","post","type-post","status-publish","format-standard","has-post-thumbnail","hentry","category-bairros","category-entretenimento"],"amp_enabled":true,"_links":{"self":[{"href":"https:\/\/maricatotal.com.br\/site\/wp-json\/wp\/v2\/posts\/27144","targetHints":{"allow":["GET"]}}],"collection":[{"href":"https:\/\/maricatotal.com.br\/site\/wp-json\/wp\/v2\/posts"}],"about":[{"href":"https:\/\/maricatotal.com.br\/site\/wp-json\/wp\/v2\/types\/post"}],"author":[{"embeddable":true,"href":"https:\/\/maricatotal.com.br\/site\/wp-json\/wp\/v2\/users\/1"}],"replies":[{"embeddable":true,"href":"https:\/\/maricatotal.com.br\/site\/wp-json\/wp\/v2\/comments?post=27144"}],"version-history":[{"count":2,"href":"https:\/\/maricatotal.com.br\/site\/wp-json\/wp\/v2\/posts\/27144\/revisions"}],"predecessor-version":[{"id":27147,"href":"https:\/\/maricatotal.com.br\/site\/wp-json\/wp\/v2\/posts\/27144\/revisions\/27147"}],"wp:featuredmedia":[{"embeddable":true,"href":"https:\/\/maricatotal.com.br\/site\/wp-json\/wp\/v2\/media\/27145"}],"wp:attachment":[{"href":"https:\/\/maricatotal.com.br\/site\/wp-json\/wp\/v2\/media?parent=27144"}],"wp:term":[{"taxonomy":"category","embeddable":true,"href":"https:\/\/maricatotal.com.br\/site\/wp-json\/wp\/v2\/categories?post=27144"},{"taxonomy":"post_tag","embeddable":true,"href":"https:\/\/maricatotal.com.br\/site\/wp-json\/wp\/v2\/tags?post=27144"}],"curies":[{"name":"wp","href":"https:\/\/api.w.org\/{rel}","templated":true}]}}