{"id":27171,"date":"2021-07-31T14:42:04","date_gmt":"2021-07-31T17:42:04","guid":{"rendered":"https:\/\/maricatotal.com.br\/site\/?p=27171"},"modified":"2021-07-31T14:42:05","modified_gmt":"2021-07-31T17:42:05","slug":"com-onda-de-frio-marica-reforca-arrecadacao-de-agasalho-e-abre-abrigo-emergencial","status":"publish","type":"post","link":"https:\/\/maricatotal.com.br\/site\/2021\/07\/31\/com-onda-de-frio-marica-reforca-arrecadacao-de-agasalho-e-abre-abrigo-emergencial\/","title":{"rendered":"Com onda de frio, Maric\u00e1 refor\u00e7a arrecada\u00e7\u00e3o de agasalho e abre abrigo emergencial"},"content":{"rendered":"\n<p>Devido \u00e0s baixas temperaturas que est\u00e3o atingindo Maric\u00e1 desde quarta-feira (28\/07), a Secretaria de Assist\u00eancia Social realiza, at\u00e9 o dia 01\/08, plant\u00f5es de acolhimento \u00e0s pessoas em situa\u00e7\u00e3o de rua nos bairros da cidade, com o objetivo de encaminh\u00e1-las, emergencialmente, ao antigo endere\u00e7o da Casa Abrigo Ernani Gomes Duarte (Rua Tenente Coronel Aviador Roberto de Souza Machado, n\u00b0 18, Ara\u00e7atiba), que recentemente passou por reformas e ser\u00e1 entregue \u00e0 popula\u00e7\u00e3o oficialmente no pr\u00f3ximo m\u00eas. A a\u00e7\u00e3o de acolhimento foi realizada nos bairros de Ponta Negra, Cordeirinho, Centro, Mumbuca, S\u00e3o Jos\u00e9 de Imbassa\u00ed, Ino\u00e3 e Itaipua\u00e7u.<\/p>\n\n\n\n<p>Para a a\u00e7\u00e3o de acolhimento e distribui\u00e7\u00e3o de agasalhos foram mobilizadas equipes do Servi\u00e7o Especializado em Abordagem Social (SEAS).&nbsp; De acordo com o secret\u00e1rio de Assist\u00eancia Social, Jorge Castor, a participa\u00e7\u00e3o da popula\u00e7\u00e3o \u00e9 essencial para o sucesso da iniciativa. \u201c\u00c9 importante que as pessoas doem nos polos de recolhimento agasalhos em bom estado sempre que poss\u00edvel, j\u00e1 que a popula\u00e7\u00e3o em situa\u00e7\u00e3o de rua precisa continuamente de casacos e mantas, principalmente em um momento como esse, de dr\u00e1stica diminui\u00e7\u00e3o na temperatura. Al\u00e9m disso, faremos os plant\u00f5es pela cidade at\u00e9 domingo, buscando e acolhendo as pessoas em situa\u00e7\u00e3o de rua que aceitem ir ao abrigo emergencial\u201d, destacou.<\/p>\n\n\n\n<p>Na primeira a\u00e7\u00e3o, realizada na noite de quarta-feira (28), 18 pessoas foram encaminhadas ao abrigo, enquanto nesta quinta-feira (29) o local abrigou 26 pessoas. Al\u00e9m disso, o&nbsp;Centro&nbsp;de Refer\u00eancia Especializado para Popula\u00e7\u00e3o em Situa\u00e7\u00e3o de Rua (Centro Pop) mecanismo dedicado \u00e0 prote\u00e7\u00e3o social de pessoas que se encontram em situa\u00e7\u00e3o de rua, abriga essa popula\u00e7\u00e3o diariamente at\u00e9 \u00e0s 18h, oferecendo alimenta\u00e7\u00e3o,&nbsp;higieniza\u00e7\u00e3o e diversos atendimentos. O local fica na&nbsp;Rua F\u00falvio Chebabe Guida, n\u00b0 32, Centro,&nbsp;e realiza tamb\u00e9m a entrega de agasalhos \u00e0s pessoas em vulnerabilidade arrecadados pela campanha \u201cMaric\u00e1 Solid\u00e1rio\u201d.<\/p>\n\n\n\n<p>Quem recebeu o agasalho ficou aliviado. Para o frequentador do Centro Pop e morador de rua, J\u00falio C\u00e9sar Fontoura, 50 anos, esse projeto ajuda os grupos que precisam de um agasalho nesse tempo. \u201c\u00c9 um projeto que incentiva as pessoas a doarem seus agasalhos e cobertores para n\u00f3s que estamos precisando. Gra\u00e7as ao abrigo eu tive uma noite quente, segura e tomei um banho quentinho nesse frio\u201d, atesta.<\/p>\n\n\n\n<p>\u201cFiz tratamento durante um tempo no Centro POP e eles sempre me trataram muito bem, agora com as doa\u00e7\u00f5es desses cobertores e agasalhos v\u00e1rias pessoas est\u00e3o amenizando o frio\u201d, disse Bruno Lob\u00e3o, 49 anos, morador do bairro de Ponta Negra e frequentador do Centro POP.<\/p>\n\n\n\n<p>Para Tadeu Henrique Oliveira, que utiliza a rua como espa\u00e7o de moradia, o Centro POP e o local que forneceram para abrig\u00e1-lo nesse per\u00edodo frio s\u00e3o essenciais para ajud\u00e1-lo. \u201cSou extremamente grato pelo espa\u00e7o e pelo apoio que recebo\u201d, disse.<\/p>\n\n\n\n<p>A funcion\u00e1ria V\u00e2nia dos Santos e os donos do estabelecimento \u2018Esta\u00e7\u00e3o mais Sabor\u2019, que acolhem Tadeu Oliveira durante o dia, disseram que no hor\u00e1rio de funcionamento do estabelecimento, se tornaram uma Rede de Apoio, e ressaltam que todos s\u00f3 precisamos de oportunidades.<\/p>\n\n\n\n<p>\u201cSeu Tadeu apareceu aqui e fomos acolhendo. Ele \u00e9 uma pessoa super tranquila e do bem. Todos s\u00f3 precisam de oportunidades e de ajuda\u201d, declarou.<\/p>\n\n\n\n<p>Servi\u00e7o: Acolhimento de moradores de rua<\/p>\n\n\n\n<p>Abrigo emergencial: Casa Abrigo Ernani Gomes Duarte (Rua Tenente Coronel Aviador Roberto de Souza Machado, n\u00b0 18, Ara\u00e7atiba)<\/p>\n\n\n\n<p>Centro Pop: Rua F\u00falvio Chebabe Guida, n\u00b0 32, Centro.<\/p>\n\n\n\n<p>Pontos de doa\u00e7\u00f5es de agasalhos e cobertores: &nbsp;Polo USF Jardim Atl\u00e2ntico; Polo USF Ch\u00e1cara de Ino\u00e3; Polo USF Marinel\u00e2ndia; Polo USF Central; Unidade volante de vacina\u00e7\u00e3o do Centro Administrativo da Prefeitura em Itaipua\u00e7u (UVV); Unidade volante de vacina\u00e7\u00e3o Aeroporto de Maric\u00e1 (UVV); Sim Ino\u00e3; Sim Itaipua\u00e7u; Sim Centro de Maric\u00e1; al\u00e9m de nas A\u00e7\u00f5es Itinerantes da autarquia Servi\u00e7os de Obras de Maric\u00e1 (Somar) e nas visitas do Maric\u00e1+Verde aos bairros.<\/p>\n","protected":false},"excerpt":{"rendered":"<p>Devido \u00e0s baixas temperaturas que est\u00e3o atingindo Maric\u00e1 desde quarta-feira (28\/07), a Secretaria de Assist\u00eancia Social realiza, at\u00e9 o dia<\/p>\n","protected":false},"author":1,"featured_media":27172,"comment_status":"open","ping_status":"open","sticky":false,"template":"","format":"standard","meta":{"colormag_page_container_layout":"default_layout","colormag_page_sidebar_layout":"default_layout","footnotes":""},"categories":[14,17],"tags":[],"class_list":["post-27171","post","type-post","status-publish","format-standard","has-post-thumbnail","hentry","category-bairros","category-politica"],"amp_enabled":true,"_links":{"self":[{"href":"https:\/\/maricatotal.com.br\/site\/wp-json\/wp\/v2\/posts\/27171","targetHints":{"allow":["GET"]}}],"collection":[{"href":"https:\/\/maricatotal.com.br\/site\/wp-json\/wp\/v2\/posts"}],"about":[{"href":"https:\/\/maricatotal.com.br\/site\/wp-json\/wp\/v2\/types\/post"}],"author":[{"embeddable":true,"href":"https:\/\/maricatotal.com.br\/site\/wp-json\/wp\/v2\/users\/1"}],"replies":[{"embeddable":true,"href":"https:\/\/maricatotal.com.br\/site\/wp-json\/wp\/v2\/comments?post=27171"}],"version-history":[{"count":1,"href":"https:\/\/maricatotal.com.br\/site\/wp-json\/wp\/v2\/posts\/27171\/revisions"}],"predecessor-version":[{"id":27173,"href":"https:\/\/maricatotal.com.br\/site\/wp-json\/wp\/v2\/posts\/27171\/revisions\/27173"}],"wp:featuredmedia":[{"embeddable":true,"href":"https:\/\/maricatotal.com.br\/site\/wp-json\/wp\/v2\/media\/27172"}],"wp:attachment":[{"href":"https:\/\/maricatotal.com.br\/site\/wp-json\/wp\/v2\/media?parent=27171"}],"wp:term":[{"taxonomy":"category","embeddable":true,"href":"https:\/\/maricatotal.com.br\/site\/wp-json\/wp\/v2\/categories?post=27171"},{"taxonomy":"post_tag","embeddable":true,"href":"https:\/\/maricatotal.com.br\/site\/wp-json\/wp\/v2\/tags?post=27171"}],"curies":[{"name":"wp","href":"https:\/\/api.w.org\/{rel}","templated":true}]}}