{"id":27190,"date":"2021-08-02T06:51:46","date_gmt":"2021-08-02T09:51:46","guid":{"rendered":"https:\/\/maricatotal.com.br\/site\/?p=27190"},"modified":"2021-08-02T06:51:47","modified_gmt":"2021-08-02T09:51:47","slug":"agosto-dourado-um-mes-de-incentivo-ao-aleitamento-materno","status":"publish","type":"post","link":"https:\/\/maricatotal.com.br\/site\/2021\/08\/02\/agosto-dourado-um-mes-de-incentivo-ao-aleitamento-materno\/","title":{"rendered":"Agosto Dourado, um m\u00eas de incentivo ao aleitamento materno"},"content":{"rendered":"\n<p>Uma das maiores campanhas da Sa\u00fade est\u00e1 chegando, o Agosto Dourado \u2013 dedicada ao incentivo ao aleitamento materno \u2013, que acontecer\u00e1 de 02 a 27\/08, com atividades nas 24 unidades, nos quatro distritos (Ponta Negra, Centro, Ino\u00e3 e Itaipua\u00e7u). O projeto \u00e9 mundial e, em Maric\u00e1, \u00e9 promovido pela Secretaria de Sa\u00fade, atrav\u00e9s da Aten\u00e7\u00e3o Prim\u00e1ria \u00e0 Sa\u00fade. Todas as unidades v\u00e3o trabalhar temas espec\u00edficos a cada semana: primeira semana \u2014 Import\u00e2ncia e benef\u00edcios da Amamenta\u00e7\u00e3o para m\u00e3e e filho; segunda semana \u2014 Prote\u00e7\u00e3o e apoio a amamenta\u00e7\u00e3o (rede compartilhada); terceira semana \u2014 Pega e posi\u00e7\u00e3o da mama; quarta semana \u2014 Diretos da gestante, da lactante e do rec\u00e9m-nascido; al\u00e9m do incentivo \u00e0 doa\u00e7\u00e3o de leite materno.<\/p>\n\n\n\n<p>\u201cA Semana Mundial do Aleitamento Materno vem enfatizar a import\u00e2ncia desse ato t\u00e3o importante para a liga\u00e7\u00e3o m\u00e1gica entre a m\u00e3e e o beb\u00ea.&nbsp; E porque n\u00e3o entre a mulher que doa o seu leite para beb\u00eas de outras que por motivos variados, n\u00e3o tem essa oportunidade?\u201d, afirma a m\u00e9dica obstetra Claudia Rogeria Lima,&nbsp;coordenadora da Aten\u00e7\u00e3o Especializada da SMS Maric\u00e1.<\/p>\n\n\n\n<p>O leite materno \u00e9 um alimento de ouro. Traz prote\u00e7\u00e3o ao beb\u00ea por levar anticorpos criados pelo organismo materno, protege a ambos contra obesidade e sobrepeso por liberar um horm\u00f4nio, a leptina, que acelera o metabolismo. \u201cTamb\u00e9m protege a m\u00e3e contra o c\u00e2ncer de mama, por renovar as c\u00e9lulas mam\u00e1rias e estabilizar os horm\u00f4nios. E \u00e9 um alimento completo\u201d, acrescenta Claudia.<\/p>\n\n\n\n<p>No momento, Maric\u00e1 tem 543 crian\u00e7as em aleitamento materno e 701 gestantes\/mulheres\/familiares que recebem orienta\u00e7\u00e3o sobre aleitamento e amamenta\u00e7\u00e3o atrav\u00e9s da Estrat\u00e9gia de Sa\u00fade da Fam\u00edlia. S\u00e3o atendimentos, orienta\u00e7\u00f5es em visitas domiciliares, em salas de espera aos pacientes que v\u00e3o nas unidades, na sala de vacina\u00e7\u00e3o, nas consultas de pr\u00e9-natal e puericultura e tamb\u00e9m nos polos de triagem neonatal, que contam com os servi\u00e7os de vacina\u00e7\u00e3o de BCG, teste da orelhinha, teste da linguinha e a avalia\u00e7\u00e3o da amamenta\u00e7\u00e3o com os profissionais do N\u00facleo Ampliado em Sa\u00fade da Fam\u00edlia (NASF).<\/p>\n\n\n\n<p>\u201cO leite materno \u00e9 a primeira \u201cvacina\u201d que o beb\u00ea recebe, refor\u00e7a o v\u00ednculo com a crian\u00e7a, estimula o desenvolvimento da face, neurol\u00f3gico e uma melhor digestibilidade, al\u00e9m de reduzir a mortalidade infantil. Este ano, a campanha frisa no cuidado compartilhado e, com isso, n\u00e3o quer dizer apenas a m\u00e3e e o pai; quer levantar a responsabilidade para o SUS tamb\u00e9m\u201d, explica Aline Peixoto, m\u00e9dica pediatra, coordenadora da \u00e1rea t\u00e9cnica da sa\u00fade da crian\u00e7a e do adolescente da secretaria.<\/p>\n\n\n\n<p>M\u00e3e da beb\u00ea Helena, de 5 dias, a operadora de loja e moradora de S\u00e3o Jos\u00e9 do Imbassa\u00ed, Keylla Mara, de 23 anos, teve muitas d\u00favidas nessa sua primeira maternidade.&nbsp;\u201cTrabalhei at\u00e9 o oitavo m\u00eas de gravidez e vivi na pele todos os medos e preocupa\u00e7\u00f5es em meio ao caos da pandemia. Fiz o acompanhamento da gesta\u00e7\u00e3o na USF S\u00e3o Jos\u00e9 do Imbassa\u00ed I e as equipes de Sa\u00fade me orientaram sobre as mudan\u00e7as do meu corpo e, agora, sobre amamenta\u00e7\u00e3o\u201d, comentou Keylla, enquanto aguardava na USF Ino\u00e3 II para fazer o exame do pezinho na Helena, ao lado do marido Caio Vin\u00edcius, de 27.<\/p>\n\n\n\n<p>A Alian\u00e7a Mundial para A\u00e7\u00e3o de Aleitamento Materno (WABA, na sigla em ingl\u00eas) definiu o tema da Semana Mundial de Aleitamento Materno 2021: \u201cProteja a amamenta\u00e7\u00e3o: uma responsabilidade compartilhada\u201d.&nbsp;Os objetivos do #WBW2021 s\u00e3o formados por quatro pilares: informar as pessoas sobre a import\u00e2ncia de proteger a amamenta\u00e7\u00e3o; apoiar a amamenta\u00e7\u00e3o como uma responsabilidade vital de sa\u00fade p\u00fablica; se articular com indiv\u00edduos e organiza\u00e7\u00f5es para maior impacto; e potencializar a\u00e7\u00f5es para proteger o aleitamento materno para melhorar a sa\u00fade coletiva.<\/p>\n\n\n\n<p>Segundo a coordenadora da Aten\u00e7\u00e3o Prim\u00e1ria \u00e0 Sa\u00fade, Shirley Linhares, para que a amamenta\u00e7\u00e3o aconte\u00e7a de forma prazerosa, \u00e9 essencial que a pu\u00e9rpera possua rede de apoio familiar, de amigos e de profissionais da Sa\u00fade.&nbsp;&nbsp;\u201c\u00c9 importante que o pai, ou parceiro, esteja presente, demonstre seu apoio, valorize e ampare, para que a m\u00e3e possa desenvolver um bom v\u00ednculo afetivo com seu beb\u00ea. A amamenta\u00e7\u00e3o contribui para a diminui\u00e7\u00e3o da mortalidade infantil, reduz o risco de doen\u00e7as al\u00e9rgicas, bem como reduz as taxas de c\u00e2ncer de mama e c\u00e2ncer de ov\u00e1rio\u201d, pontua Shirley<\/p>\n","protected":false},"excerpt":{"rendered":"<p>Uma das maiores campanhas da Sa\u00fade est\u00e1 chegando, o Agosto Dourado \u2013 dedicada ao incentivo ao aleitamento materno \u2013, que<\/p>\n","protected":false},"author":1,"featured_media":27191,"comment_status":"open","ping_status":"open","sticky":false,"template":"","format":"standard","meta":{"colormag_page_container_layout":"default_layout","colormag_page_sidebar_layout":"default_layout","footnotes":""},"categories":[18],"tags":[],"class_list":["post-27190","post","type-post","status-publish","format-standard","has-post-thumbnail","hentry","category-entretenimento"],"amp_enabled":true,"_links":{"self":[{"href":"https:\/\/maricatotal.com.br\/site\/wp-json\/wp\/v2\/posts\/27190","targetHints":{"allow":["GET"]}}],"collection":[{"href":"https:\/\/maricatotal.com.br\/site\/wp-json\/wp\/v2\/posts"}],"about":[{"href":"https:\/\/maricatotal.com.br\/site\/wp-json\/wp\/v2\/types\/post"}],"author":[{"embeddable":true,"href":"https:\/\/maricatotal.com.br\/site\/wp-json\/wp\/v2\/users\/1"}],"replies":[{"embeddable":true,"href":"https:\/\/maricatotal.com.br\/site\/wp-json\/wp\/v2\/comments?post=27190"}],"version-history":[{"count":1,"href":"https:\/\/maricatotal.com.br\/site\/wp-json\/wp\/v2\/posts\/27190\/revisions"}],"predecessor-version":[{"id":27192,"href":"https:\/\/maricatotal.com.br\/site\/wp-json\/wp\/v2\/posts\/27190\/revisions\/27192"}],"wp:featuredmedia":[{"embeddable":true,"href":"https:\/\/maricatotal.com.br\/site\/wp-json\/wp\/v2\/media\/27191"}],"wp:attachment":[{"href":"https:\/\/maricatotal.com.br\/site\/wp-json\/wp\/v2\/media?parent=27190"}],"wp:term":[{"taxonomy":"category","embeddable":true,"href":"https:\/\/maricatotal.com.br\/site\/wp-json\/wp\/v2\/categories?post=27190"},{"taxonomy":"post_tag","embeddable":true,"href":"https:\/\/maricatotal.com.br\/site\/wp-json\/wp\/v2\/tags?post=27190"}],"curies":[{"name":"wp","href":"https:\/\/api.w.org\/{rel}","templated":true}]}}