{"id":27196,"date":"2021-08-02T09:19:18","date_gmt":"2021-08-02T12:19:18","guid":{"rendered":"https:\/\/maricatotal.com.br\/site\/?p=27196"},"modified":"2021-08-02T09:19:20","modified_gmt":"2021-08-02T12:19:20","slug":"coordenadoria-lgbt-promove-reuniao-para-debater-politicas-publicas","status":"publish","type":"post","link":"https:\/\/maricatotal.com.br\/site\/2021\/08\/02\/coordenadoria-lgbt-promove-reuniao-para-debater-politicas-publicas\/","title":{"rendered":"Coordenadoria LGBT promove reuni\u00e3o para debater pol\u00edticas p\u00fablicas"},"content":{"rendered":"\n<p>A Prefeitura de Maric\u00e1, atrav\u00e9s da coordena\u00e7\u00e3o municipal LGBT, promoveu na quinta-feira (29\/07) a reuni\u00e3o com o F\u00f3rum LGBTQIA+&nbsp;de Maric\u00e1, que contou com a presen\u00e7a de representantes da sociedade civil. O encontro teve como objetivo articular a\u00e7\u00f5es e debater pol\u00edticas p\u00fablicas para cidadania em Maric\u00e1.&nbsp;<\/p>\n\n\n\n<p>Durante a reuni\u00e3o foram apresentados os eventos que marcaram as comemora\u00e7\u00f5es do Dia Internacional do Orgulho LGBTQIA+, al\u00e9m do debate sobre o projeto-piloto de implanta\u00e7\u00e3o de um Ambulat\u00f3rio Trans e LGBTI no munic\u00edpio, e a capacita\u00e7\u00e3o cont\u00ednua e permanente dos profissionais de sa\u00fade, no respeito \u00e0s identidades de g\u00eanero e orienta\u00e7\u00e3o sexual para o enfrentamento do preconceito na rede de sa\u00fade.&nbsp;<\/p>\n\n\n\n<p>O encontro serviu ainda para a apresenta\u00e7\u00e3o do Edital do Conselho Municipal LGBTQIA+, aprovado pela C\u00e2mara de Vereadores em maio, onde \u00e9 solicitado \u00e0s entidades presentes e de governo que indiquem seus representantes para composi\u00e7\u00e3o do Conselho, que ser\u00e1 apresentado em reuni\u00e3o do F\u00f3rum LGBTQIA+, no in\u00edcio de agosto.&nbsp;<\/p>\n\n\n\n<p>De acordo com o coordenador da pasta, Carlos Alves, a reuni\u00e3o apontou a retomada do di\u00e1logo com estado e prefeitura de Maric\u00e1, onde foi citado a reabertura do N\u00facleo do Programa Estadual Rio sem LGBTfobia, que est\u00e1 fechado desde mar\u00e7o, para volta de servi\u00e7os que auxiliam no atendimento&nbsp;a&nbsp;essa popula\u00e7\u00e3o, como de psicologia.&nbsp;<\/p>\n\n\n\n<p>\u201cProjetos de interesse ser\u00e3o debatidos para apresentar \u00e0 C\u00e2mara Municipal e pelo governo. As datas LGBTI, centro de refer\u00eancia LGBTI e casa de acolhimento, programa Maric\u00e1 sem&nbsp;LGBTIfobia, isso tudo acaba fortalecendo a Rede Intersecional e Transversal para Cidadania\u201d, explicou.&nbsp;<\/p>\n\n\n\n<p>Vale lembrar que o f\u00f3rum e a coordenadoria LGBTI criaram o Projeto \u2018SOS LGBTI\u2019 que j\u00e1 distribuiu mais de dez toneladas de alimentos desde junho de 2020, esses alimentos ajudaram a popula\u00e7\u00e3o deste grupo neste per\u00edodo de pandemia.&nbsp;Durante a reuni\u00e3o foi criado o Projeto \u2018Cozinha Negra e LGBTI Solid\u00e1ria\u2019, que semanalmente ir\u00e1 realizar a\u00e7\u00f5es apoiando as iniciativas de combate \u00e0 vulnerabilidade dessa popula\u00e7\u00e3o em Maric\u00e1.&nbsp;<\/p>\n","protected":false},"excerpt":{"rendered":"<p>A Prefeitura de Maric\u00e1, atrav\u00e9s da coordena\u00e7\u00e3o municipal LGBT, promoveu na quinta-feira (29\/07) a reuni\u00e3o com o F\u00f3rum LGBTQIA+&nbsp;de Maric\u00e1,<\/p>\n","protected":false},"author":1,"featured_media":27197,"comment_status":"open","ping_status":"open","sticky":false,"template":"","format":"standard","meta":{"colormag_page_container_layout":"default_layout","colormag_page_sidebar_layout":"default_layout","footnotes":""},"categories":[18],"tags":[],"class_list":["post-27196","post","type-post","status-publish","format-standard","has-post-thumbnail","hentry","category-entretenimento"],"amp_enabled":true,"_links":{"self":[{"href":"https:\/\/maricatotal.com.br\/site\/wp-json\/wp\/v2\/posts\/27196","targetHints":{"allow":["GET"]}}],"collection":[{"href":"https:\/\/maricatotal.com.br\/site\/wp-json\/wp\/v2\/posts"}],"about":[{"href":"https:\/\/maricatotal.com.br\/site\/wp-json\/wp\/v2\/types\/post"}],"author":[{"embeddable":true,"href":"https:\/\/maricatotal.com.br\/site\/wp-json\/wp\/v2\/users\/1"}],"replies":[{"embeddable":true,"href":"https:\/\/maricatotal.com.br\/site\/wp-json\/wp\/v2\/comments?post=27196"}],"version-history":[{"count":1,"href":"https:\/\/maricatotal.com.br\/site\/wp-json\/wp\/v2\/posts\/27196\/revisions"}],"predecessor-version":[{"id":27198,"href":"https:\/\/maricatotal.com.br\/site\/wp-json\/wp\/v2\/posts\/27196\/revisions\/27198"}],"wp:featuredmedia":[{"embeddable":true,"href":"https:\/\/maricatotal.com.br\/site\/wp-json\/wp\/v2\/media\/27197"}],"wp:attachment":[{"href":"https:\/\/maricatotal.com.br\/site\/wp-json\/wp\/v2\/media?parent=27196"}],"wp:term":[{"taxonomy":"category","embeddable":true,"href":"https:\/\/maricatotal.com.br\/site\/wp-json\/wp\/v2\/categories?post=27196"},{"taxonomy":"post_tag","embeddable":true,"href":"https:\/\/maricatotal.com.br\/site\/wp-json\/wp\/v2\/tags?post=27196"}],"curies":[{"name":"wp","href":"https:\/\/api.w.org\/{rel}","templated":true}]}}