{"id":27262,"date":"2021-08-03T12:58:31","date_gmt":"2021-08-03T15:58:31","guid":{"rendered":"https:\/\/maricatotal.com.br\/site\/?p=27262"},"modified":"2021-08-03T12:58:32","modified_gmt":"2021-08-03T15:58:32","slug":"assistencia-social-promove-workshop-sobre-libras","status":"publish","type":"post","link":"https:\/\/maricatotal.com.br\/site\/2021\/08\/03\/assistencia-social-promove-workshop-sobre-libras\/","title":{"rendered":"Assist\u00eancia Social promove workshop sobre Libras"},"content":{"rendered":"\n<p>Teve in\u00edcio nesta segunda-feira, 02\/08, at\u00e9 a pr\u00f3xima sexta-feira, 06\/08, a Secretaria de Assist\u00eancia Social de Maric\u00e1, realiza, em parceria com a Prefeitura de Niter\u00f3i, o primeiro Workshop de Inicia\u00e7\u00e3o e Sensibiliza\u00e7\u00e3o de Libras \u201cVoc\u00ea Sabe Ouvir\u201d. O evento, que conta com a participa\u00e7\u00e3o de servidores da pasta, objetiva capacitar a equipe para se comunicar com deficientes auditivos com efici\u00eancia nos aparelhos p\u00fablicos, atrav\u00e9s da l\u00edngua de sinais e gestos.<\/p>\n\n\n\n<p>\u201cNo fim da semana teremos conclu\u00eddos a capacita\u00e7\u00e3o de profissionais da Secretaria de Assist\u00eancia Social que atuam, principalmente, na linha de frente dos equipamentos p\u00fablicos. O workshop acontece em um momento que a gente tem recebido uma alta demanda de deficientes auditivos que procuram nossos servi\u00e7os\u201d, explicou Michele Abreu, coordenadora da Prote\u00e7\u00e3o Especial da Secretaria de Assist\u00eancia Social.<\/p>\n\n\n\n<p>O workshop de Inicia\u00e7\u00e3o e Sensibiliza\u00e7\u00e3o de Libras \u201cVoc\u00ea Sabe Ouvir\u201d, que acontece no audit\u00f3rio da Secretaria de Desenvolvimento Econ\u00f4mico, no Centro, teve neste primeiro dia a apresenta\u00e7\u00e3o da Coordena\u00e7\u00e3o de Reabilita\u00e7\u00e3o, abordando as&nbsp; demandas recebidas nos equipamentos da Assist\u00eancia Social. Na ter\u00e7a- feira (03) e quarta-feira(04) os profissionais da Prote\u00e7\u00e3o B\u00e1sica dividir\u00e3o suas experi\u00eancias com o p\u00fablico, e na sexta-feira, 06\/08, o evento ter\u00e1 encerramento com a Coordena\u00e7\u00e3o de Prote\u00e7\u00e3o Especial.<\/p>\n\n\n\n<p>A diretora da Secretaria de Acessibilidade de Niter\u00f3i, Carolina Bas\u00edlio, ressaltou a import\u00e2ncia da parceria do munic\u00edpio com Maric\u00e1.<\/p>\n\n\n\n<p>\u201cEntendemos o&nbsp;u\u00e3o necess\u00e1rio \u00e9 fazer este trabalho com os servidores, a fim de expandir o atendimento \u00e0 pessoa surda\u201d, comentou a diretora.<\/p>\n\n\n\n<p>Ao todo, o evento conta com 15 participantes que s\u00e3o capacitados presencialmente na cidade. Todos os alunos receberam uma apostila desenvolvida pelos dois munic\u00edpios. Todos os cuidados sanit\u00e1rios est\u00e3o sendo tomados para que o workshop aconte\u00e7a com seguran\u00e7a, como uso de m\u00e1scara, distanciamento social e \u00e1lcool em gel.<\/p>\n\n\n\n<p>Ana Cristina Silva \u00e9 uma das participantes. Funcion\u00e1ria do Servi\u00e7o de Atendimento de Reabilita\u00e7\u00e3o Especial (Sarem), ela conta que o treinamento ter\u00e1 grande utilidade no seu trabalho, onde poder\u00e1 prestar um servi\u00e7o melhor.<\/p>\n\n\n\n<p>\u201cVim aqui aprender libras para servir melhor a quem precisa, tenho certeza que ao final terei o conhecimento necess\u00e1rio para quem chegar\u201d, disse.<\/p>\n","protected":false},"excerpt":{"rendered":"<p>Teve in\u00edcio nesta segunda-feira, 02\/08, at\u00e9 a pr\u00f3xima sexta-feira, 06\/08, a Secretaria de Assist\u00eancia Social de Maric\u00e1, realiza, em parceria<\/p>\n","protected":false},"author":1,"featured_media":27263,"comment_status":"open","ping_status":"open","sticky":false,"template":"","format":"standard","meta":{"colormag_page_container_layout":"default_layout","colormag_page_sidebar_layout":"default_layout","footnotes":""},"categories":[18],"tags":[],"class_list":["post-27262","post","type-post","status-publish","format-standard","has-post-thumbnail","hentry","category-entretenimento"],"amp_enabled":true,"_links":{"self":[{"href":"https:\/\/maricatotal.com.br\/site\/wp-json\/wp\/v2\/posts\/27262","targetHints":{"allow":["GET"]}}],"collection":[{"href":"https:\/\/maricatotal.com.br\/site\/wp-json\/wp\/v2\/posts"}],"about":[{"href":"https:\/\/maricatotal.com.br\/site\/wp-json\/wp\/v2\/types\/post"}],"author":[{"embeddable":true,"href":"https:\/\/maricatotal.com.br\/site\/wp-json\/wp\/v2\/users\/1"}],"replies":[{"embeddable":true,"href":"https:\/\/maricatotal.com.br\/site\/wp-json\/wp\/v2\/comments?post=27262"}],"version-history":[{"count":1,"href":"https:\/\/maricatotal.com.br\/site\/wp-json\/wp\/v2\/posts\/27262\/revisions"}],"predecessor-version":[{"id":27264,"href":"https:\/\/maricatotal.com.br\/site\/wp-json\/wp\/v2\/posts\/27262\/revisions\/27264"}],"wp:featuredmedia":[{"embeddable":true,"href":"https:\/\/maricatotal.com.br\/site\/wp-json\/wp\/v2\/media\/27263"}],"wp:attachment":[{"href":"https:\/\/maricatotal.com.br\/site\/wp-json\/wp\/v2\/media?parent=27262"}],"wp:term":[{"taxonomy":"category","embeddable":true,"href":"https:\/\/maricatotal.com.br\/site\/wp-json\/wp\/v2\/categories?post=27262"},{"taxonomy":"post_tag","embeddable":true,"href":"https:\/\/maricatotal.com.br\/site\/wp-json\/wp\/v2\/tags?post=27262"}],"curies":[{"name":"wp","href":"https:\/\/api.w.org\/{rel}","templated":true}]}}