{"id":27268,"date":"2021-08-03T13:20:57","date_gmt":"2021-08-03T16:20:57","guid":{"rendered":"https:\/\/maricatotal.com.br\/site\/?p=27268"},"modified":"2021-08-03T13:25:54","modified_gmt":"2021-08-03T16:25:54","slug":"estacas-pranchas-evitam-ocorrencias-na-orla-da-praia-de-itaipuacu-em-grande-ressaca","status":"publish","type":"post","link":"https:\/\/maricatotal.com.br\/site\/2021\/08\/03\/estacas-pranchas-evitam-ocorrencias-na-orla-da-praia-de-itaipuacu-em-grande-ressaca\/","title":{"rendered":"Estacas Pranchas evitam ocorr\u00eancias na Orla da Praia de Itaipua\u00e7u em forte ressaca"},"content":{"rendered":"\n<p>A forte ressaca que chegou ao litoral maricaense com ondas que atingiram 4 metros n\u00e3o causou danos na Orla da Praia de Itaipua\u00e7u.<\/p>\n\n\n\n<p>As estacas pranchas, instaladas pela autarquia do Servi\u00e7o de Obras de Maric\u00e1 (Somar), protegeu o avan\u00e7o das ondas na Avenida Beira Mar, e no novo cal\u00e7ad\u00e3o, inaugurado no dia 26 de maio, anivers\u00e1rio de Maric\u00e1. <\/p>\n\n\n\n<p>O local sofria com o avan\u00e7o do mar na maioria das ressacas, o que sempre preocupava moradores locais. Desta vez, os mesmo se sentiram seguros e aprovaram o trabalho realizado no distrito.<\/p>\n\n\n\n<p>A Praia da Barra de Maric\u00e1 sofreu com a mudan\u00e7a de tempo, onde o mar invadiu ruas e destruiu muros de casas e o deck com acessibilidade. O local segue recebendo a instala\u00e7\u00e3o das estacas pranchas para que os acidentes acabem.<\/p>\n","protected":false},"excerpt":{"rendered":"<p>A forte ressaca que chegou ao litoral maricaense com ondas que atingiram 4 metros n\u00e3o causou danos na Orla da<\/p>\n","protected":false},"author":1,"featured_media":27269,"comment_status":"open","ping_status":"open","sticky":false,"template":"","format":"standard","meta":{"colormag_page_container_layout":"default_layout","colormag_page_sidebar_layout":"default_layout","footnotes":""},"categories":[14],"tags":[],"class_list":["post-27268","post","type-post","status-publish","format-standard","has-post-thumbnail","hentry","category-bairros"],"amp_enabled":true,"_links":{"self":[{"href":"https:\/\/maricatotal.com.br\/site\/wp-json\/wp\/v2\/posts\/27268","targetHints":{"allow":["GET"]}}],"collection":[{"href":"https:\/\/maricatotal.com.br\/site\/wp-json\/wp\/v2\/posts"}],"about":[{"href":"https:\/\/maricatotal.com.br\/site\/wp-json\/wp\/v2\/types\/post"}],"author":[{"embeddable":true,"href":"https:\/\/maricatotal.com.br\/site\/wp-json\/wp\/v2\/users\/1"}],"replies":[{"embeddable":true,"href":"https:\/\/maricatotal.com.br\/site\/wp-json\/wp\/v2\/comments?post=27268"}],"version-history":[{"count":3,"href":"https:\/\/maricatotal.com.br\/site\/wp-json\/wp\/v2\/posts\/27268\/revisions"}],"predecessor-version":[{"id":27272,"href":"https:\/\/maricatotal.com.br\/site\/wp-json\/wp\/v2\/posts\/27268\/revisions\/27272"}],"wp:featuredmedia":[{"embeddable":true,"href":"https:\/\/maricatotal.com.br\/site\/wp-json\/wp\/v2\/media\/27269"}],"wp:attachment":[{"href":"https:\/\/maricatotal.com.br\/site\/wp-json\/wp\/v2\/media?parent=27268"}],"wp:term":[{"taxonomy":"category","embeddable":true,"href":"https:\/\/maricatotal.com.br\/site\/wp-json\/wp\/v2\/categories?post=27268"},{"taxonomy":"post_tag","embeddable":true,"href":"https:\/\/maricatotal.com.br\/site\/wp-json\/wp\/v2\/tags?post=27268"}],"curies":[{"name":"wp","href":"https:\/\/api.w.org\/{rel}","templated":true}]}}