{"id":27287,"date":"2021-08-04T07:12:48","date_gmt":"2021-08-04T10:12:48","guid":{"rendered":"https:\/\/maricatotal.com.br\/site\/?p=27287"},"modified":"2021-08-04T07:12:49","modified_gmt":"2021-08-04T10:12:49","slug":"agosto-dourado-promove-sensibilizacao-dos-profissionais-da-atencao-primaria-a-saude","status":"publish","type":"post","link":"https:\/\/maricatotal.com.br\/site\/2021\/08\/04\/agosto-dourado-promove-sensibilizacao-dos-profissionais-da-atencao-primaria-a-saude\/","title":{"rendered":"Agosto Dourado promove sensibiliza\u00e7\u00e3o dos profissionais da Aten\u00e7\u00e3o Prim\u00e1ria \u00e0 Sa\u00fade"},"content":{"rendered":"\n<p>Faz parte da campanha Agosto Dourado \u2013 dedicada ao incentivo do aleitamento materno \u2013, que acontecer\u00e1 at\u00e9 dia 27\/08, a sensibiliza\u00e7\u00e3o dos profissionais da Aten\u00e7\u00e3o Prim\u00e1ria \u00e0 Sa\u00fade sobre o tema.<\/p>\n\n\n\n<p>A a\u00e7\u00e3o est\u00e1 ocorrendo no decorrer dos meses de abril, maio, junho e julho e ser\u00e1 finalizada nesta semana, a primeira de agosto, com a qualifica\u00e7\u00e3o dos Agentes Comunit\u00e1rios de Sa\u00fade (ACS) em todas as unidades, realizadas pelas fonoaudi\u00f3logas estatut\u00e1rias e fonoaudi\u00f3logos do N\u00facleo Ampliado em Sa\u00fade da Fam\u00edlia (NASF), tendo tamb\u00e9m a participa\u00e7\u00e3o de alguns profissionais das Estrat\u00e9gia de Sa\u00fade da Fam\u00edlia (ESF).<\/p>\n\n\n\n<p>Cerca de 170 agentes das equipes da ESF j\u00e1 foram capacitados, com&nbsp;a participa\u00e7\u00e3o de profissionais do NASF, como fonoaudi\u00f3logos, nutricionistas, psic\u00f3logos, assistentes sociais e fisioterapeutas. As fonoaudi\u00f3logas estatut\u00e1rias que fizeram as capacita\u00e7\u00f5es para que fossem replicadas posteriormente foram Suzane Agrizzi, Adriana Tinoco e Adriana Pinto. Em setembro, ser\u00e1 iniciada a qualifica\u00e7\u00e3o dos t\u00e9cnicos de enfermagem e dos enfermeiros.<\/p>\n\n\n\n<p>Uma das multiplicadoras para as USF \u00e9 a nutricionista do NASF, Raizza Amaral dos Santos, especialista em Nutri\u00e7\u00e3o Materno Infantil, com cursos voltados para a import\u00e2ncia do aleitamento materno e introdu\u00e7\u00e3o alimentar.<\/p>\n\n\n\n<p>\u201cRealizamos ent\u00e3o o matriciamento (forma compartilhada de trabalho) dos agentes comunit\u00e1rios e outros colaboradores da USF sobre o aleitamento materno para tornar as unidades b\u00e1sicas amigas da amamenta\u00e7\u00e3o, onde todos est\u00e3o capacitados a acolher a pu\u00e9rpera, lactente e sua rede de apoio para esse momento lindo que \u00e9 a amamenta\u00e7\u00e3o. Foi not\u00f3rio o envolvimento e interesse dos profissionais em receber a capacita\u00e7\u00e3o. Tamb\u00e9m trocaram conosco suas experi\u00eancias de vida sobre o aleitamento materno\u201d, ressaltou Raizza.<\/p>\n\n\n\n<p>Al\u00e9m do m\u00eas que marca a import\u00e2ncia do aleitamento materno, \u00e9 importante lembrar das atividades que a Secretaria Municipal de Sa\u00fade tem ao longo do ano de forma cont\u00ednua.<\/p>\n\n\n\n<p>\u201cNa triagem neonatal \u2013 que funciona nos quatros polos (USF Ponta Negra, USF Ino\u00e3 II, USF Barroco, USF Centro; neles j\u00e1 existiam teste do pezinho, da orelhinha, da linguinha e vacina BCG) \u2013 a partir de junho, foi implantada a avalia\u00e7\u00e3o da mamada pelos fonoaudi\u00f3logos, que ali est\u00e3o lotados. Ou seja, toda as m\u00e3es e seus rec\u00e9m nascidos, que v\u00e3o ao polo para realiza\u00e7\u00e3o dos testes neonatais, s\u00e3o observados em sua mamada e nesse momento recebem orienta\u00e7\u00f5es desse profissional\u201d, destaca Aline Peixoto, m\u00e9dica pediatra, coordenadora da \u00e1rea t\u00e9cnica da sa\u00fade da crian\u00e7a e do adolescente da SMS Maric\u00e1.<\/p>\n\n\n\n<p>Ao longo de todo o ano, s\u00e3o mantidas as qualifica\u00e7\u00f5es nas unidades; os trabalhos na sala de amamenta\u00e7\u00e3o no Posto Central, que acolhe e apoia o aleitamento materno de forma exemplar; as rodas de conversa virtuais e mensais para gestantes, pu\u00e9rperas, lactantes e seus companheiros e familiares; os grupos de gestantes em cada unidade que refor\u00e7am esse tema; e, tamb\u00e9m no Posto Central, para as m\u00e3es do pr\u00e9-natal de alto risco, uma consulta de pediatria e uma consulta de fonoaudiologia durante a gesta\u00e7\u00e3o, para a m\u00e3e receber as orienta\u00e7\u00f5es sobre amamenta\u00e7\u00e3o por olhares diferentes.<\/p>\n\n\n\n<p>\u201c\u00c9 importante ressaltar que o papel do m\u00e9dico e da equipe de sa\u00fade da fam\u00edlia s\u00e3o fundamentais. Desde a gesta\u00e7\u00e3o esse m\u00e9dico e sua equipe j\u00e1 acompanham e orientam sobre a amamenta\u00e7\u00e3o. Tiram d\u00favida, incentivam e acolhem. Por\u00e9m, no p\u00f3s-parto a import\u00e2ncia \u00e9 maior, pois \u00e9 hora de colocar em pr\u00e1tica todo o ensinamento. Muito importante o apoio e a disponibilidade para acompanhar essa m\u00e3e e n\u00e3o perdemos o aleitamento materno. Dificuldades s\u00e3o in\u00fameras, por\u00e9m s\u00e3o nos profissionais de sa\u00fade de sua unidade que encontramos o alicerce e o incentivo\u201d, analisa a m\u00e9dica pediatra Aline.<\/p>\n\n\n\n<p>Para a nutricionista Raizza, todos os profissionais de sa\u00fade devem se mobilizar para garantir \u00e0s futuras gera\u00e7\u00f5es uma alimenta\u00e7\u00e3o adequada na inf\u00e2ncia come\u00e7ando com esse alimento que vale ouro: o leite materno. \u201cTodos n\u00f3s somos respons\u00e1veis pela preven\u00e7\u00e3o de agravos \u00e0 sa\u00fade dessas crian\u00e7as compartilhando nosso conhecimento \u00e0 comunidade\u201d, finalizou a nutricionista da Aten\u00e7\u00e3o Prim\u00e1ria \u00e0 Sa\u00fade.<\/p>\n","protected":false},"excerpt":{"rendered":"<p>Faz parte da campanha Agosto Dourado \u2013 dedicada ao incentivo do aleitamento materno \u2013, que acontecer\u00e1 at\u00e9 dia 27\/08, a<\/p>\n","protected":false},"author":1,"featured_media":27288,"comment_status":"open","ping_status":"open","sticky":false,"template":"","format":"standard","meta":{"colormag_page_container_layout":"default_layout","colormag_page_sidebar_layout":"default_layout","footnotes":""},"categories":[14],"tags":[],"class_list":["post-27287","post","type-post","status-publish","format-standard","has-post-thumbnail","hentry","category-bairros"],"amp_enabled":true,"_links":{"self":[{"href":"https:\/\/maricatotal.com.br\/site\/wp-json\/wp\/v2\/posts\/27287","targetHints":{"allow":["GET"]}}],"collection":[{"href":"https:\/\/maricatotal.com.br\/site\/wp-json\/wp\/v2\/posts"}],"about":[{"href":"https:\/\/maricatotal.com.br\/site\/wp-json\/wp\/v2\/types\/post"}],"author":[{"embeddable":true,"href":"https:\/\/maricatotal.com.br\/site\/wp-json\/wp\/v2\/users\/1"}],"replies":[{"embeddable":true,"href":"https:\/\/maricatotal.com.br\/site\/wp-json\/wp\/v2\/comments?post=27287"}],"version-history":[{"count":1,"href":"https:\/\/maricatotal.com.br\/site\/wp-json\/wp\/v2\/posts\/27287\/revisions"}],"predecessor-version":[{"id":27289,"href":"https:\/\/maricatotal.com.br\/site\/wp-json\/wp\/v2\/posts\/27287\/revisions\/27289"}],"wp:featuredmedia":[{"embeddable":true,"href":"https:\/\/maricatotal.com.br\/site\/wp-json\/wp\/v2\/media\/27288"}],"wp:attachment":[{"href":"https:\/\/maricatotal.com.br\/site\/wp-json\/wp\/v2\/media?parent=27287"}],"wp:term":[{"taxonomy":"category","embeddable":true,"href":"https:\/\/maricatotal.com.br\/site\/wp-json\/wp\/v2\/categories?post=27287"},{"taxonomy":"post_tag","embeddable":true,"href":"https:\/\/maricatotal.com.br\/site\/wp-json\/wp\/v2\/tags?post=27287"}],"curies":[{"name":"wp","href":"https:\/\/api.w.org\/{rel}","templated":true}]}}