{"id":27290,"date":"2021-08-04T07:27:12","date_gmt":"2021-08-04T10:27:12","guid":{"rendered":"https:\/\/maricatotal.com.br\/site\/?p=27290"},"modified":"2021-08-04T07:27:13","modified_gmt":"2021-08-04T10:27:13","slug":"inauguracao-do-novo-plenario-da-alerj-tem-a-presenca-do-prefeito-fabiano-horta","status":"publish","type":"post","link":"https:\/\/maricatotal.com.br\/site\/2021\/08\/04\/inauguracao-do-novo-plenario-da-alerj-tem-a-presenca-do-prefeito-fabiano-horta\/","title":{"rendered":"Inaugura\u00e7\u00e3o do novo plen\u00e1rio da Alerj tem a presen\u00e7a do prefeito Fabiano Horta"},"content":{"rendered":"\n<p>O prefeito de Maric\u00e1, Fabiano Horta, participou da inaugura\u00e7\u00e3o do novo Plen\u00e1rio da Assembleia Legislativa do Estado do Rio de Janeiro (Aler). Jo\u00e3ozinho, secret\u00e1rio de Governo de Maric\u00e1, tamb\u00e9m esteve presente na cerim\u00f4nia. <\/p>\n\n\n\n<p>O novo endere\u00e7o na rua da Ajuda, n\u00famero 5, re\u00fane gabinetes e departamentos administrativos distribu\u00eddos pelos 34 andares do edif\u00edcio, com a unifica\u00e7\u00e3o em um s\u00f3 lugar das tr\u00eas antigas unidades da Alerj.<\/p>\n\n\n\n<p>O novo plen\u00e1rio \u00e9 27% maior do que o anterior, o Plen\u00e1rio Barbosa Lima Sobrinho, localizado no Pal\u00e1cio Tiradentes, e tem capacidade para 185 lugares, al\u00e9m de um novo tel\u00e3o para exibi\u00e7\u00e3o das vota\u00e7\u00f5es, que ser\u00e3o feitas de forma online.<\/p>\n\n\n\n<p>O Pal\u00e1cio Tiradentes, antiga sede da Alerj, se tornar\u00e1 o Museu da Democracia e receber\u00e1 em outubro uma exposi\u00e7\u00e3o sobre Dante Alighieri, em parceria com o Consulado Italiano.&nbsp;<\/p>\n\n\n\n<p>Estiveram presentes na cerim\u00f4nia de inaugura\u00e7\u00e3o da sede o presidente da Alerj, deputado Andr\u00e9 Ceciliano (PT), o prefeito Eduardo Paes (PSD) e o governador Cl\u00e1udio Castro (PL).<\/p>\n","protected":false},"excerpt":{"rendered":"<p>O prefeito de Maric\u00e1, Fabiano Horta, participou da inaugura\u00e7\u00e3o do novo Plen\u00e1rio da Assembleia Legislativa do Estado do Rio de<\/p>\n","protected":false},"author":1,"featured_media":27291,"comment_status":"open","ping_status":"open","sticky":false,"template":"","format":"standard","meta":{"colormag_page_container_layout":"default_layout","colormag_page_sidebar_layout":"default_layout","footnotes":""},"categories":[17],"tags":[],"class_list":["post-27290","post","type-post","status-publish","format-standard","has-post-thumbnail","hentry","category-politica"],"amp_enabled":true,"_links":{"self":[{"href":"https:\/\/maricatotal.com.br\/site\/wp-json\/wp\/v2\/posts\/27290","targetHints":{"allow":["GET"]}}],"collection":[{"href":"https:\/\/maricatotal.com.br\/site\/wp-json\/wp\/v2\/posts"}],"about":[{"href":"https:\/\/maricatotal.com.br\/site\/wp-json\/wp\/v2\/types\/post"}],"author":[{"embeddable":true,"href":"https:\/\/maricatotal.com.br\/site\/wp-json\/wp\/v2\/users\/1"}],"replies":[{"embeddable":true,"href":"https:\/\/maricatotal.com.br\/site\/wp-json\/wp\/v2\/comments?post=27290"}],"version-history":[{"count":1,"href":"https:\/\/maricatotal.com.br\/site\/wp-json\/wp\/v2\/posts\/27290\/revisions"}],"predecessor-version":[{"id":27292,"href":"https:\/\/maricatotal.com.br\/site\/wp-json\/wp\/v2\/posts\/27290\/revisions\/27292"}],"wp:featuredmedia":[{"embeddable":true,"href":"https:\/\/maricatotal.com.br\/site\/wp-json\/wp\/v2\/media\/27291"}],"wp:attachment":[{"href":"https:\/\/maricatotal.com.br\/site\/wp-json\/wp\/v2\/media?parent=27290"}],"wp:term":[{"taxonomy":"category","embeddable":true,"href":"https:\/\/maricatotal.com.br\/site\/wp-json\/wp\/v2\/categories?post=27290"},{"taxonomy":"post_tag","embeddable":true,"href":"https:\/\/maricatotal.com.br\/site\/wp-json\/wp\/v2\/tags?post=27290"}],"curies":[{"name":"wp","href":"https:\/\/api.w.org\/{rel}","templated":true}]}}