{"id":27293,"date":"2021-08-04T07:31:09","date_gmt":"2021-08-04T10:31:09","guid":{"rendered":"https:\/\/maricatotal.com.br\/site\/?p=27293"},"modified":"2021-08-04T07:31:11","modified_gmt":"2021-08-04T10:31:11","slug":"media-de-oferta-de-emprego-em-marica-no-mes-de-junho-e-superior-a-do-pais","status":"publish","type":"post","link":"https:\/\/maricatotal.com.br\/site\/2021\/08\/04\/media-de-oferta-de-emprego-em-marica-no-mes-de-junho-e-superior-a-do-pais\/","title":{"rendered":"M\u00e9dia de oferta de emprego em Maric\u00e1 no m\u00eas de junho \u00e9 superior \u00e0 do pa\u00eds"},"content":{"rendered":"\n<p>As bem sucedidas iniciativas de suporte econ\u00f4mico contra a pandemia, implementadas pela Prefeitura como o Programa de Amparo ao Emprego (PAE), o Programa de Amparo ao Trabalhador (PAT) e o microcr\u00e9dito Fomenta Maric\u00e1, al\u00e9m do programa Renda B\u00e1sica de Cidadania (RBC) \u2013 continuam trazendo bons reflexos na oferta de emprego na cidade.<\/p>\n\n\n\n<p>De acordo com&nbsp;o Cadastro Geral de Empregados e Desempregados (Caged),&nbsp;divulgado em junho pelo Minist\u00e9rio da Economia, o saldo entre admiss\u00f5es e desligamentos no munic\u00edpio foi de 11,82% no primeiro semestre, com uma varia\u00e7\u00e3o m\u00e9dia mensal relativa muito superior aos n\u00fameros do pr\u00f3prio pa\u00eds, da Regi\u00e3o Sudeste e do Estado do Rio de Janeiro, que registraram 3,90%, 3,80% e 2,04%, respectivamente. No acumulado dos \u00faltimos 12 meses, a varia\u00e7\u00e3o relativa de Maric\u00e1 foi de 17,63% contra 4,07% do Estado do Rio, 7,07% na Regi\u00e3o Sudeste e 7,67% no pa\u00eds \u2013&nbsp;<a href=\"https:\/\/www.marica.rj.gov.br\/wp-content\/uploads\/2021\/08\/WhatsApp-Image-2021-08-03-at-15.46.29.jpeg\">confira aqui o quadro<\/a>.<\/p>\n\n\n\n<p>No acumulado dos \u00faltimos 12 meses, Maric\u00e1 obteve a melhor varia\u00e7\u00e3o dos munic\u00edpios com popula\u00e7\u00e3o acima de 100 mil habitantes, somando ao seu estoque 17,63% ao longo de um ano, uma varia\u00e7\u00e3o que segue ampliando passando a marca de 20 mil empregos na cidade.<\/p>\n\n\n\n<p>\u201dO destaque de Maric\u00e1 na gera\u00e7\u00e3o de empregos \u00e9 reflexo de todos os programas econ\u00f4micos existentes na cidade. Geramos demanda adicional atrav\u00e9s do RBC, inclu\u00edmos os informais no PAT e dialogamos com o setor produtivo no PAE e com os cr\u00e9ditos do Fomenta\u201d, destacou o secret\u00e1rio de Desenvolvimento Econ\u00f4mico, Com\u00e9rcio, Ind\u00fastria, Petr\u00f3leo e Portos, Igor Sardinha.<\/p>\n\n\n\n<p>Vale ressaltar que o m\u00eas de maio foi o melhor m\u00eas da s\u00e9rie hist\u00f3rica nos \u00faltimos anos, mesmo sendo marcado pela reabertura das atividades. J\u00e1 o m\u00eas de junho marcou a continuidade das pol\u00edticas econ\u00f4micas de transfer\u00eancia de renda e de fomento \u00e0s empresas com o pagamento dos benef\u00edcios ampliados do RBC, al\u00e9m do PAT e PAE. No caso do Fomenta Maric\u00e1, a iniciativa j\u00e1 bateu mil contratos assinados e continua crescendo.<\/p>\n\n\n\n<p>Comparando a realidade dos munic\u00edpios vizinhos, nos primeiros seis meses e nos \u00faltimos 12, Maric\u00e1 obt\u00e9m uma varia\u00e7\u00e3o relativa com resultados duas vezes maior do que a m\u00e9dia brasileira e a Regi\u00e3o Sudeste, quatro vezes maior do que a m\u00e9dia do Estado do Rio de Janeiro, dos munic\u00edpios de Niter\u00f3i e Itabora\u00ed e seis vezes maior do que S\u00e3o Gon\u00e7alo.<\/p>\n\n\n\n<p>Comprovando o dado revelado pelo Caged est\u00e1 o cart\u00f3rio localizado no centro da cidade, que nos \u00faltimos meses contratou oito funcion\u00e1rios, como relatou o respons\u00e1vel pelo estabelecimento, Marcelo Bittencourt, de 51 anos.<\/p>\n\n\n\n<p>\u201cO crescimento do cart\u00f3rio foi absurdamente maior do que esper\u00e1vamos. Antes da pandemia faz\u00edamos em torno de 120 escrituras por m\u00eas. Durante a pandemia chegamos a fazer 230. Acredito que as oito pessoas que contratamos ainda seja pouco para dar conta de tanta demanda que temos\u201d, revelou.<\/p>\n\n\n\n<p>Uma dos contratos foi feito com o engenheiro de computa\u00e7\u00e3o, Carlos Alberto Pinheiro J\u00fanior, de 25 anos. \u201cVim para aprender sobre cart\u00f3rio e aplicar os conhecimentos em computa\u00e7\u00e3o\u201d, disse o rec\u00e9m-contratado que tem planos para o futuro. \u201cMoro com meus pais, mas pretendo juntar dinheiro para um dia sair de casa e morar sozinho\u201d, contou.<\/p>\n","protected":false},"excerpt":{"rendered":"<p>As bem sucedidas iniciativas de suporte econ\u00f4mico contra a pandemia, implementadas pela Prefeitura como o Programa de Amparo ao Emprego<\/p>\n","protected":false},"author":1,"featured_media":27294,"comment_status":"open","ping_status":"open","sticky":false,"template":"","format":"standard","meta":{"colormag_page_container_layout":"default_layout","colormag_page_sidebar_layout":"default_layout","footnotes":""},"categories":[1],"tags":[],"class_list":["post-27293","post","type-post","status-publish","format-standard","has-post-thumbnail","hentry","category-noticias"],"amp_enabled":true,"_links":{"self":[{"href":"https:\/\/maricatotal.com.br\/site\/wp-json\/wp\/v2\/posts\/27293","targetHints":{"allow":["GET"]}}],"collection":[{"href":"https:\/\/maricatotal.com.br\/site\/wp-json\/wp\/v2\/posts"}],"about":[{"href":"https:\/\/maricatotal.com.br\/site\/wp-json\/wp\/v2\/types\/post"}],"author":[{"embeddable":true,"href":"https:\/\/maricatotal.com.br\/site\/wp-json\/wp\/v2\/users\/1"}],"replies":[{"embeddable":true,"href":"https:\/\/maricatotal.com.br\/site\/wp-json\/wp\/v2\/comments?post=27293"}],"version-history":[{"count":1,"href":"https:\/\/maricatotal.com.br\/site\/wp-json\/wp\/v2\/posts\/27293\/revisions"}],"predecessor-version":[{"id":27295,"href":"https:\/\/maricatotal.com.br\/site\/wp-json\/wp\/v2\/posts\/27293\/revisions\/27295"}],"wp:featuredmedia":[{"embeddable":true,"href":"https:\/\/maricatotal.com.br\/site\/wp-json\/wp\/v2\/media\/27294"}],"wp:attachment":[{"href":"https:\/\/maricatotal.com.br\/site\/wp-json\/wp\/v2\/media?parent=27293"}],"wp:term":[{"taxonomy":"category","embeddable":true,"href":"https:\/\/maricatotal.com.br\/site\/wp-json\/wp\/v2\/categories?post=27293"},{"taxonomy":"post_tag","embeddable":true,"href":"https:\/\/maricatotal.com.br\/site\/wp-json\/wp\/v2\/tags?post=27293"}],"curies":[{"name":"wp","href":"https:\/\/api.w.org\/{rel}","templated":true}]}}