{"id":27476,"date":"2021-08-10T07:06:58","date_gmt":"2021-08-10T10:06:58","guid":{"rendered":"https:\/\/maricatotal.com.br\/site\/?p=27476"},"modified":"2021-08-10T07:07:00","modified_gmt":"2021-08-10T10:07:00","slug":"programa-bairro-seguro-sera-ampliado-em-marica","status":"publish","type":"post","link":"https:\/\/maricatotal.com.br\/site\/2021\/08\/10\/programa-bairro-seguro-sera-ampliado-em-marica\/","title":{"rendered":"Programa Bairro Seguro ser\u00e1 ampliado em Maric\u00e1"},"content":{"rendered":"\n<p>O prefeito Fabiano Horta recebeu nesta segunda-feira (09\/08) o comandante do 12\u00ba Batalh\u00e3o de Pol\u00edcia Militar (Niter\u00f3i) respons\u00e1vel pelo policiamento em Maric\u00e1, tenente-coronel Roberto Cristiano Dantas, para debater novas a\u00e7\u00f5es de seguran\u00e7a p\u00fablica no munic\u00edpio. Entre os projetos est\u00e1 a amplia\u00e7\u00e3o para outras regi\u00f5es do programa Bairro Seguro, lan\u00e7ado em julho e bem recebido por moradores de Itaipua\u00e7u.<\/p>\n\n\n\n<p>O prefeito destacou a parceria com a Pol\u00edcia Militar para garantir a seguran\u00e7a da popula\u00e7\u00e3o. \u201cMaric\u00e1 tem tudo para ser um exemplo de seguran\u00e7a em nossa regi\u00e3o. Vamos dinamizar essa parceria com a PM com esse objetivo\u201d, disse Fabiano.<\/p>\n\n\n\n<p>O secret\u00e1rio de Ordem P\u00fablica e Gest\u00e3o de Gabinete Institucional (Seop) J\u00falio C\u00e9sar Veras afirmou que a primeira a\u00e7\u00e3o concreta desta parceria \u00e9 a escala\u00e7\u00e3o de um policial da unidade para monitorar poss\u00edveis ocorr\u00eancias de dentro do Centro Integrado de Opera\u00e7\u00f5es e Seguran\u00e7a P\u00fablica (CIOSP), no centro da cidade.<\/p>\n\n\n\n<p>\u201cIsso vai facilitar a comunica\u00e7\u00e3o entre o monitoramento e as equipes que est\u00e3o nas ruas. Esta j\u00e1 \u00e9 uma provid\u00eancia que, al\u00e9m de atender a uma antiga demanda nossa, demonstra a disposi\u00e7\u00e3o do comando e a aten\u00e7\u00e3o que estamos recebendo. Recentemente tivemos um aumento de 40% no efetivo do nosso PROEIS e tamb\u00e9m foi aceita nossa proposta para que os m\u00f3dulos de seguran\u00e7a j\u00e1 existentes se tornem bases integradas com a Pol\u00edcia Militar. Para n\u00f3s, o mais importante \u00e9 a vontade e a disposi\u00e7\u00e3o de realizar, e quem vai colher os frutos disso \u00e9 a popula\u00e7\u00e3o\u201d, afirmou Veras.<\/p>\n\n\n\n<p>Segundo Dantas, a proposta de amplia\u00e7\u00e3o do Bairro Seguro vai passar por um estudo e levada ao Estado Maior da PM.<\/p>\n\n\n\n<p>\u201cNosso prop\u00f3sito \u00e9 ampliar e fortalecer esse programa, cuja primeira experi\u00eancia aqui vem tendo bons resultados. Al\u00e9m disso, faremos um estudo tamb\u00e9m da mancha criminal da cidade. Temos aqui um governo que \u00e9 parceiro da seguran\u00e7a p\u00fablica e teremos uma integra\u00e7\u00e3o cont\u00ednua e permanente\u201d, garantiu o comandante.<\/p>\n\n\n\n<p>Tamb\u00e9m participaram do encontro o vice-prefeito Diego Zeidan, o secret\u00e1rio H\u00e9lter Ferreira (Cidade Sustent\u00e1vel), al\u00e9m do presidente da autarquia de Servi\u00e7os de Obras de Maric\u00e1 (Somar), Renato Machado, e do presidente da C\u00e2mara dos Vereadores, Aldair de Linda.<\/p>\n","protected":false},"excerpt":{"rendered":"<p>O prefeito Fabiano Horta recebeu nesta segunda-feira (09\/08) o comandante do 12\u00ba Batalh\u00e3o de Pol\u00edcia Militar (Niter\u00f3i) respons\u00e1vel pelo policiamento<\/p>\n","protected":false},"author":1,"featured_media":27477,"comment_status":"open","ping_status":"open","sticky":false,"template":"","format":"standard","meta":{"colormag_page_container_layout":"default_layout","colormag_page_sidebar_layout":"default_layout","footnotes":""},"categories":[1,17],"tags":[],"class_list":["post-27476","post","type-post","status-publish","format-standard","has-post-thumbnail","hentry","category-noticias","category-politica"],"amp_enabled":true,"_links":{"self":[{"href":"https:\/\/maricatotal.com.br\/site\/wp-json\/wp\/v2\/posts\/27476","targetHints":{"allow":["GET"]}}],"collection":[{"href":"https:\/\/maricatotal.com.br\/site\/wp-json\/wp\/v2\/posts"}],"about":[{"href":"https:\/\/maricatotal.com.br\/site\/wp-json\/wp\/v2\/types\/post"}],"author":[{"embeddable":true,"href":"https:\/\/maricatotal.com.br\/site\/wp-json\/wp\/v2\/users\/1"}],"replies":[{"embeddable":true,"href":"https:\/\/maricatotal.com.br\/site\/wp-json\/wp\/v2\/comments?post=27476"}],"version-history":[{"count":1,"href":"https:\/\/maricatotal.com.br\/site\/wp-json\/wp\/v2\/posts\/27476\/revisions"}],"predecessor-version":[{"id":27478,"href":"https:\/\/maricatotal.com.br\/site\/wp-json\/wp\/v2\/posts\/27476\/revisions\/27478"}],"wp:featuredmedia":[{"embeddable":true,"href":"https:\/\/maricatotal.com.br\/site\/wp-json\/wp\/v2\/media\/27477"}],"wp:attachment":[{"href":"https:\/\/maricatotal.com.br\/site\/wp-json\/wp\/v2\/media?parent=27476"}],"wp:term":[{"taxonomy":"category","embeddable":true,"href":"https:\/\/maricatotal.com.br\/site\/wp-json\/wp\/v2\/categories?post=27476"},{"taxonomy":"post_tag","embeddable":true,"href":"https:\/\/maricatotal.com.br\/site\/wp-json\/wp\/v2\/tags?post=27476"}],"curies":[{"name":"wp","href":"https:\/\/api.w.org\/{rel}","templated":true}]}}