{"id":27479,"date":"2021-08-10T07:09:16","date_gmt":"2021-08-10T10:09:16","guid":{"rendered":"https:\/\/maricatotal.com.br\/site\/?p=27479"},"modified":"2021-08-10T07:09:17","modified_gmt":"2021-08-10T10:09:17","slug":"marica-recebe-mais-4-500-doses-de-vacina-contra-covid-19","status":"publish","type":"post","link":"https:\/\/maricatotal.com.br\/site\/2021\/08\/10\/marica-recebe-mais-4-500-doses-de-vacina-contra-covid-19\/","title":{"rendered":"Maric\u00e1 recebe mais 4.500 doses de vacina contra Covid-19"},"content":{"rendered":"\n<p>Maric\u00e1 recebeu 4.500 novas doses da vacina contra Covid-19 nesta segunda-feira (09\/08) no N\u00facleo de Imuniza\u00e7\u00e3o Municipal Dr. Heitor da Costa Matta, no Centro, sendo 2.850 doses da Pfizer e 1.300 doses da Coronavac.<\/p>\n\n\n\n<p>Segundo Ana Cl\u00e1udia Chav\u00e3o, coordenadora da Imuniza\u00e7\u00e3o da Secretaria de Sa\u00fade de Maric\u00e1, a chegada dos novos lotes de vacinas, ir\u00e1 garantir a imuniza\u00e7\u00e3o at\u00e9 o fim desta semana. \u201cCom essas doses recebidas hoje, a gente conclui a vacina\u00e7\u00e3o\u201d.<\/p>\n\n\n\n<p>Seguindo a programa\u00e7\u00e3o, ter\u00e7a-feira (10) \u00e9 a vez de quem tem 28 anos ou mais, enquanto na quarta-feira (11) chega a vez das pessoas com 27 anos ou mais.&nbsp; Na quinta-feira (12) recebem os imunizantes quem tem 26 anos ou mais. J\u00e1 a vacina\u00e7\u00e3o dos adolescentes na faixa et\u00e1ria de 12 at\u00e9 17 anos com comorbidades, est\u00e1 suspensa.<\/p>\n\n\n\n<p>Locais de vacina\u00e7\u00e3o:<\/p>\n\n\n\n<p>Unidade de Sa\u00fade da Fam\u00edlia (USF) Central; USF Marinel\u00e2ndia; Escola Municipal Rynalda Rodrigues da Silva; USF Ch\u00e1cara de Ino\u00e3; Escola Municipal Marqu\u00eas de Maric\u00e1 USF Jardim Atl\u00e2ntico; Unidade Volante de Vacina\u00e7\u00e3o (UVV) Aeroporto de Maric\u00e1; UVV Centro Administrativo da Prefeitura em Itaipua\u00e7u. \u00c9 preciso levar documento de identifica\u00e7\u00e3o com foto; CPF ou cart\u00e3o do SUS; assim como um comprovante de resid\u00eancia do munic\u00edpio de Maric\u00e1.<\/p>\n\n\n\n<p>Hor\u00e1rio: 9h \u00e0s 16h<\/p>\n","protected":false},"excerpt":{"rendered":"<p>Maric\u00e1 recebeu 4.500 novas doses da vacina contra Covid-19 nesta segunda-feira (09\/08) no N\u00facleo de Imuniza\u00e7\u00e3o Municipal Dr. Heitor da<\/p>\n","protected":false},"author":1,"featured_media":27480,"comment_status":"open","ping_status":"open","sticky":false,"template":"","format":"standard","meta":{"colormag_page_container_layout":"default_layout","colormag_page_sidebar_layout":"default_layout","footnotes":""},"categories":[17],"tags":[],"class_list":["post-27479","post","type-post","status-publish","format-standard","has-post-thumbnail","hentry","category-politica"],"amp_enabled":true,"_links":{"self":[{"href":"https:\/\/maricatotal.com.br\/site\/wp-json\/wp\/v2\/posts\/27479","targetHints":{"allow":["GET"]}}],"collection":[{"href":"https:\/\/maricatotal.com.br\/site\/wp-json\/wp\/v2\/posts"}],"about":[{"href":"https:\/\/maricatotal.com.br\/site\/wp-json\/wp\/v2\/types\/post"}],"author":[{"embeddable":true,"href":"https:\/\/maricatotal.com.br\/site\/wp-json\/wp\/v2\/users\/1"}],"replies":[{"embeddable":true,"href":"https:\/\/maricatotal.com.br\/site\/wp-json\/wp\/v2\/comments?post=27479"}],"version-history":[{"count":1,"href":"https:\/\/maricatotal.com.br\/site\/wp-json\/wp\/v2\/posts\/27479\/revisions"}],"predecessor-version":[{"id":27481,"href":"https:\/\/maricatotal.com.br\/site\/wp-json\/wp\/v2\/posts\/27479\/revisions\/27481"}],"wp:featuredmedia":[{"embeddable":true,"href":"https:\/\/maricatotal.com.br\/site\/wp-json\/wp\/v2\/media\/27480"}],"wp:attachment":[{"href":"https:\/\/maricatotal.com.br\/site\/wp-json\/wp\/v2\/media?parent=27479"}],"wp:term":[{"taxonomy":"category","embeddable":true,"href":"https:\/\/maricatotal.com.br\/site\/wp-json\/wp\/v2\/categories?post=27479"},{"taxonomy":"post_tag","embeddable":true,"href":"https:\/\/maricatotal.com.br\/site\/wp-json\/wp\/v2\/tags?post=27479"}],"curies":[{"name":"wp","href":"https:\/\/api.w.org\/{rel}","templated":true}]}}