{"id":27572,"date":"2021-08-11T06:53:27","date_gmt":"2021-08-11T09:53:27","guid":{"rendered":"https:\/\/maricatotal.com.br\/site\/?p=27572"},"modified":"2021-08-11T06:53:28","modified_gmt":"2021-08-11T09:53:28","slug":"fabiano-horta-vistoria-obras-da-praca-orlando-de-barros-pimentel","status":"publish","type":"post","link":"https:\/\/maricatotal.com.br\/site\/2021\/08\/11\/fabiano-horta-vistoria-obras-da-praca-orlando-de-barros-pimentel\/","title":{"rendered":"Fabiano Horta vistoria obras da Pra\u00e7a Orlando de Barros Pimentel"},"content":{"rendered":"\n<p>O prefeito de Maric\u00e1, Fabiano Horta, realizou nesta ter\u00e7a-feira (10\/08) uma visita t\u00e9cnica na Pra\u00e7a Orlando de Barros Pimentel antes da entrega. O local, que \u00e9 considerado eixo central na cidade, foi totalmente revitalizado com um projeto considerado futurista.<\/p>\n\n\n\n<p>Segundo Renato Machado, presidente da autarquia Servi\u00e7o de Obras de Maric\u00e1 (Somar), que tamb\u00e9m participou da vistoria, a pra\u00e7a ser\u00e1 um local para receber as fam\u00edlias maricaenses.<\/p>\n\n\n\n<p>\u201cN\u00f3s quebramos o anfiteatro antigo, que tirava a vis\u00e3o ampla da cidade e fizemos uma pra\u00e7a sem barreira visual. O playground das crian\u00e7as foi ampliado, vai ser um lugar mais para fam\u00edlias, com prop\u00f3sito de durabilidade, toda feita em granito, com 5 cm de espessura, cada pedra de granito pesa 40kg. A Casa de Cultura tamb\u00e9m recebeu uma revitaliza\u00e7\u00e3o e tenho certeza que a popula\u00e7\u00e3o pode expectar muito dessa pra\u00e7a\u201d, afirmou.<\/p>\n","protected":false},"excerpt":{"rendered":"<p>O prefeito de Maric\u00e1, Fabiano Horta, realizou nesta ter\u00e7a-feira (10\/08) uma visita t\u00e9cnica na Pra\u00e7a Orlando de Barros Pimentel antes<\/p>\n","protected":false},"author":1,"featured_media":27573,"comment_status":"open","ping_status":"open","sticky":false,"template":"","format":"standard","meta":{"colormag_page_container_layout":"default_layout","colormag_page_sidebar_layout":"default_layout","footnotes":""},"categories":[14,17],"tags":[],"class_list":["post-27572","post","type-post","status-publish","format-standard","has-post-thumbnail","hentry","category-bairros","category-politica"],"amp_enabled":true,"_links":{"self":[{"href":"https:\/\/maricatotal.com.br\/site\/wp-json\/wp\/v2\/posts\/27572","targetHints":{"allow":["GET"]}}],"collection":[{"href":"https:\/\/maricatotal.com.br\/site\/wp-json\/wp\/v2\/posts"}],"about":[{"href":"https:\/\/maricatotal.com.br\/site\/wp-json\/wp\/v2\/types\/post"}],"author":[{"embeddable":true,"href":"https:\/\/maricatotal.com.br\/site\/wp-json\/wp\/v2\/users\/1"}],"replies":[{"embeddable":true,"href":"https:\/\/maricatotal.com.br\/site\/wp-json\/wp\/v2\/comments?post=27572"}],"version-history":[{"count":1,"href":"https:\/\/maricatotal.com.br\/site\/wp-json\/wp\/v2\/posts\/27572\/revisions"}],"predecessor-version":[{"id":27574,"href":"https:\/\/maricatotal.com.br\/site\/wp-json\/wp\/v2\/posts\/27572\/revisions\/27574"}],"wp:featuredmedia":[{"embeddable":true,"href":"https:\/\/maricatotal.com.br\/site\/wp-json\/wp\/v2\/media\/27573"}],"wp:attachment":[{"href":"https:\/\/maricatotal.com.br\/site\/wp-json\/wp\/v2\/media?parent=27572"}],"wp:term":[{"taxonomy":"category","embeddable":true,"href":"https:\/\/maricatotal.com.br\/site\/wp-json\/wp\/v2\/categories?post=27572"},{"taxonomy":"post_tag","embeddable":true,"href":"https:\/\/maricatotal.com.br\/site\/wp-json\/wp\/v2\/tags?post=27572"}],"curies":[{"name":"wp","href":"https:\/\/api.w.org\/{rel}","templated":true}]}}