{"id":27589,"date":"2021-08-11T12:54:03","date_gmt":"2021-08-11T15:54:03","guid":{"rendered":"https:\/\/maricatotal.com.br\/site\/?p=27589"},"modified":"2021-08-11T12:54:05","modified_gmt":"2021-08-11T15:54:05","slug":"programacao-da-padroeira-de-marica-tera-carreata","status":"publish","type":"post","link":"https:\/\/maricatotal.com.br\/site\/2021\/08\/11\/programacao-da-padroeira-de-marica-tera-carreata\/","title":{"rendered":"Programa\u00e7\u00e3o da padroeira de Maric\u00e1 ter\u00e1 carreata"},"content":{"rendered":"\n<p>A Igreja Matriz Nossa Senhora do Amparo preparou uma programa\u00e7\u00e3o religiosa especial em comemora\u00e7\u00e3o ao dia de Nossa Senhora do Amparo, padroeira da cidade, celebrado no pr\u00f3ximo domingo (15\/08), sempre seguindo todos os protocolos de seguran\u00e7a contra a Covid-19. O ponto alto ser\u00e1 a carreata que percorrer\u00e1 as principais vias do Centro.<\/p>\n\n\n\n<p>A prociss\u00e3o motorizada passar\u00e1 pelas ruas Silvino Alves de Siqueira e \u00c1lvares de Castro, retornando na Pra\u00e7a Emilton Santos, seguindo pela Rua Boaz Velasco, Avenida Jos\u00e9 Francisco Rangel e Souza, Rua Boaz Velasco, Avenida Prefeito Ivan Mundim, percorrendo as ruas L\u00facio Alves da Silva, Cl\u00edmaco Pereira, Dom\u00edcio da Gama, Alferes Gomes, terminando na Matriz Nossa Senhora do Amparo.<\/p>\n\n\n\n<p>A festa pode ser acompanhada pelas redes sociais do facebook (<a href=\"https:\/\/www.facebook.com\/pnsdoamparomarica\/\">https:\/\/www.facebook.com\/pnsdoamparomarica\/<\/a>) e do youtube (<a href=\"https:\/\/www.youtube.com\/channel\/UC59m8zmTGpN9Utc1aaJDYdw\">https:\/\/www.youtube.com\/channel\/UC59m8zmTGpN9Utc1aaJDYdw<\/a>) da par\u00f3quia.<\/p>\n\n\n\n<p>Confira a programa\u00e7\u00e3o:<\/p>\n\n\n\n<p>11\/08 \u2013 Quarta-feira<\/p>\n\n\n\n<p>17h \u2013 Ora\u00e7\u00e3o do Ros\u00e1rio<\/p>\n\n\n\n<p>18h \u2013 Adora\u00e7\u00e3o pelas fam\u00edlias<\/p>\n\n\n\n<p>19h \u2013 Missa<\/p>\n\n\n\n<p>12\/08 \u2013 Quinta-feira<\/p>\n\n\n\n<p>17h \u2013 Ora\u00e7\u00e3o do Ros\u00e1rio<\/p>\n\n\n\n<p>18h \u2013 Adora\u00e7\u00e3o pelas fam\u00edlias<\/p>\n\n\n\n<p>19h \u2013 Missa<\/p>\n\n\n\n<p>13\/08 \u2013 Sexta-feira<\/p>\n\n\n\n<p>17h \u2013 Ora\u00e7\u00e3o do Ros\u00e1rio<\/p>\n\n\n\n<p>18h \u2013 Adora\u00e7\u00e3o pelas fam\u00edlias<\/p>\n\n\n\n<p>19h \u2013 Missa<\/p>\n\n\n\n<p>14\/08 \u2013 S\u00e1bado<\/p>\n\n\n\n<p>18h \u2013 Ora\u00e7\u00e3o do Ros\u00e1rio<\/p>\n\n\n\n<p>19h \u2013 Adora\u00e7\u00e3o pelas fam\u00edlias<\/p>\n\n\n\n<p>20h \u2013 Missa<\/p>\n\n\n\n<p>15\/08 \u2013 Domingo \u2013 Dia da Padroeira<\/p>\n\n\n\n<p>7h \u2013 Missa<\/p>\n\n\n\n<p>9h \u2013 Missa<\/p>\n\n\n\n<p>11h \u2013 Missa<\/p>\n\n\n\n<p>15h \u2013 Missa e carreata com imagem dos padroeiros das capelas<\/p>\n","protected":false},"excerpt":{"rendered":"<p>A Igreja Matriz Nossa Senhora do Amparo preparou uma programa\u00e7\u00e3o religiosa especial em comemora\u00e7\u00e3o ao dia de Nossa Senhora do<\/p>\n","protected":false},"author":1,"featured_media":27590,"comment_status":"open","ping_status":"open","sticky":false,"template":"","format":"standard","meta":{"colormag_page_container_layout":"default_layout","colormag_page_sidebar_layout":"default_layout","footnotes":""},"categories":[18],"tags":[],"class_list":["post-27589","post","type-post","status-publish","format-standard","has-post-thumbnail","hentry","category-entretenimento"],"amp_enabled":true,"_links":{"self":[{"href":"https:\/\/maricatotal.com.br\/site\/wp-json\/wp\/v2\/posts\/27589","targetHints":{"allow":["GET"]}}],"collection":[{"href":"https:\/\/maricatotal.com.br\/site\/wp-json\/wp\/v2\/posts"}],"about":[{"href":"https:\/\/maricatotal.com.br\/site\/wp-json\/wp\/v2\/types\/post"}],"author":[{"embeddable":true,"href":"https:\/\/maricatotal.com.br\/site\/wp-json\/wp\/v2\/users\/1"}],"replies":[{"embeddable":true,"href":"https:\/\/maricatotal.com.br\/site\/wp-json\/wp\/v2\/comments?post=27589"}],"version-history":[{"count":1,"href":"https:\/\/maricatotal.com.br\/site\/wp-json\/wp\/v2\/posts\/27589\/revisions"}],"predecessor-version":[{"id":27591,"href":"https:\/\/maricatotal.com.br\/site\/wp-json\/wp\/v2\/posts\/27589\/revisions\/27591"}],"wp:featuredmedia":[{"embeddable":true,"href":"https:\/\/maricatotal.com.br\/site\/wp-json\/wp\/v2\/media\/27590"}],"wp:attachment":[{"href":"https:\/\/maricatotal.com.br\/site\/wp-json\/wp\/v2\/media?parent=27589"}],"wp:term":[{"taxonomy":"category","embeddable":true,"href":"https:\/\/maricatotal.com.br\/site\/wp-json\/wp\/v2\/categories?post=27589"},{"taxonomy":"post_tag","embeddable":true,"href":"https:\/\/maricatotal.com.br\/site\/wp-json\/wp\/v2\/tags?post=27589"}],"curies":[{"name":"wp","href":"https:\/\/api.w.org\/{rel}","templated":true}]}}