{"id":27614,"date":"2021-08-12T08:28:56","date_gmt":"2021-08-12T11:28:56","guid":{"rendered":"https:\/\/maricatotal.com.br\/site\/?p=27614"},"modified":"2021-08-12T08:28:57","modified_gmt":"2021-08-12T11:28:57","slug":"prefeitura-realiza-reuniao-com-motoristas-das-vans-municipais","status":"publish","type":"post","link":"https:\/\/maricatotal.com.br\/site\/2021\/08\/12\/prefeitura-realiza-reuniao-com-motoristas-das-vans-municipais\/","title":{"rendered":"Prefeitura realiza reuni\u00e3o com motoristas das vans municipais"},"content":{"rendered":"\n<p><br>O prefeito de Maric\u00e1, Fabiano Horta, o secret\u00e1rio de Transporte do munic\u00edpio, Douglas Carvalho, e o secret\u00e1rio de Governo, Jo\u00e3o Maur\u00edcio de Freitas, se reuniram, nesta quarta-feira (11\/08), com representantes do transporte complementar para debater medidas de diminui\u00e7\u00e3o dos impactos econ\u00f4micos \u00e0s vans que circulam pela cidade.<\/p>\n\n\n\n<p>No encontro, foram esclarecidos pontos sobre o sistema Mumbuca Transporte, iniciativa j\u00e1 aprovada e em fase de implementa\u00e7\u00e3o que garante gratuidade a todos os moradores em ve\u00edculos da categoria M2 (que conduzem de 9 a 20 passageiros, onde n\u00e3o se pode viajar a p\u00e9), com o cr\u00e9dito de 60 passagens mensais aos benefici\u00e1rios atrav\u00e9s de cart\u00f5es do sistema.<\/p>\n\n\n\n<p>Tamb\u00e9m foi proposto pela Prefeitura a disponibiliza\u00e7\u00e3o de espa\u00e7os publicit\u00e1rios nesses coletivos, projeto que ainda ter\u00e1 ajustes para a defini\u00e7\u00e3o de valores. Essa medida se une \u00e0 contrata\u00e7\u00e3o de vans do transporte municipal pelo poder p\u00fablico durante a pandemia da Covid-19, auxiliando na distribui\u00e7\u00e3o de cestas b\u00e1sicas destinadas \u00e0s fam\u00edlias em vulnerabilidade social. Iniciativas como essas fornecem apoio financeiro \u00e0 categoria em um momento de dificuldades.<\/p>\n\n\n\n<p>De acordo com o secret\u00e1rio de Transporte, Douglas Carvalho, as medidas s\u00e3o alternativas concretas para mitigar efeitos negativos aos trabalhadores desse modal, garantindo seguran\u00e7a e maior rapidez ao processo.<\/p>\n\n\n\n<p>\u201cOs processos que envolvem a implementa\u00e7\u00e3o do Mumbuca Transporte j\u00e1 est\u00e3o em andamento. Solicitamos a instala\u00e7\u00e3o de validadores do sistema Riocard nas vans municipais, acompanhada da confec\u00e7\u00e3o dos cart\u00f5es destinados aos maricaenses e o gerenciamento eletr\u00f4nico de todo esse processo. Assim, teremos maior celeridade na efetiva\u00e7\u00e3o do Maric\u00e1 Transporte, s\u00f3 aguardando os tr\u00e2mites necess\u00e1rios para o in\u00edcio da modalidade no munic\u00edpio\u201d, destacou.<\/p>\n\n\n\n<p>O Mumbuca Transporte ser\u00e1 operado por motoristas de vans que j\u00e1 det\u00eam concess\u00f5es municipais. Os moradores poder\u00e3o realizar o pagamento pelo sistema diretamente nos ve\u00edculos \u2014 em um modelo similar aos RioCards j\u00e1 existentes \u2014, atrav\u00e9s de cart\u00f5es divididos em sociais (destinados ao p\u00fablico geral, garantindo o direito ao transporte) e essenciais (assegurando o acesso de idosos, portadores de necessidades especiais, estudantes e pessoas com doen\u00e7as cr\u00f4nicas que realizam tratamento continuado).<\/p>\n\n\n\n<p>Para a efetiva\u00e7\u00e3o do benef\u00edcio, os usu\u00e1rios dever\u00e3o apresentar, em breve, documenta\u00e7\u00e3o pessoal, al\u00e9m de comprovantes espec\u00edficos para cada uso, como declara\u00e7\u00e3o escolar para os estudantes e laudo m\u00e9dico para doen\u00e7as cr\u00f4nicas ou defici\u00eancias. O cadastro estar\u00e1, tamb\u00e9m, sujeito a avalia\u00e7\u00e3o de uma comiss\u00e3o para a posterior concess\u00e3o do Mumbuca Transporte, com previs\u00e3o de puni\u00e7\u00f5es e san\u00e7\u00f5es no caso de poss\u00edveis fraudes e irregularidades.<\/p>\n","protected":false},"excerpt":{"rendered":"<p>O prefeito de Maric\u00e1, Fabiano Horta, o secret\u00e1rio de Transporte do munic\u00edpio, Douglas Carvalho, e o secret\u00e1rio de Governo, Jo\u00e3o<\/p>\n","protected":false},"author":1,"featured_media":27615,"comment_status":"open","ping_status":"open","sticky":false,"template":"","format":"standard","meta":{"colormag_page_container_layout":"default_layout","colormag_page_sidebar_layout":"default_layout","footnotes":""},"categories":[17],"tags":[],"class_list":["post-27614","post","type-post","status-publish","format-standard","has-post-thumbnail","hentry","category-politica"],"amp_enabled":true,"_links":{"self":[{"href":"https:\/\/maricatotal.com.br\/site\/wp-json\/wp\/v2\/posts\/27614","targetHints":{"allow":["GET"]}}],"collection":[{"href":"https:\/\/maricatotal.com.br\/site\/wp-json\/wp\/v2\/posts"}],"about":[{"href":"https:\/\/maricatotal.com.br\/site\/wp-json\/wp\/v2\/types\/post"}],"author":[{"embeddable":true,"href":"https:\/\/maricatotal.com.br\/site\/wp-json\/wp\/v2\/users\/1"}],"replies":[{"embeddable":true,"href":"https:\/\/maricatotal.com.br\/site\/wp-json\/wp\/v2\/comments?post=27614"}],"version-history":[{"count":1,"href":"https:\/\/maricatotal.com.br\/site\/wp-json\/wp\/v2\/posts\/27614\/revisions"}],"predecessor-version":[{"id":27616,"href":"https:\/\/maricatotal.com.br\/site\/wp-json\/wp\/v2\/posts\/27614\/revisions\/27616"}],"wp:featuredmedia":[{"embeddable":true,"href":"https:\/\/maricatotal.com.br\/site\/wp-json\/wp\/v2\/media\/27615"}],"wp:attachment":[{"href":"https:\/\/maricatotal.com.br\/site\/wp-json\/wp\/v2\/media?parent=27614"}],"wp:term":[{"taxonomy":"category","embeddable":true,"href":"https:\/\/maricatotal.com.br\/site\/wp-json\/wp\/v2\/categories?post=27614"},{"taxonomy":"post_tag","embeddable":true,"href":"https:\/\/maricatotal.com.br\/site\/wp-json\/wp\/v2\/tags?post=27614"}],"curies":[{"name":"wp","href":"https:\/\/api.w.org\/{rel}","templated":true}]}}