{"id":27624,"date":"2021-08-12T12:13:48","date_gmt":"2021-08-12T15:13:48","guid":{"rendered":"https:\/\/maricatotal.com.br\/site\/?p=27624"},"modified":"2021-08-12T12:13:50","modified_gmt":"2021-08-12T15:13:50","slug":"tarcisio-meira-morre-de-covid-aos-85-anos","status":"publish","type":"post","link":"https:\/\/maricatotal.com.br\/site\/2021\/08\/12\/tarcisio-meira-morre-de-covid-aos-85-anos\/","title":{"rendered":"Tarc\u00edsio Meira morre de Covid aos 85 anos"},"content":{"rendered":"\n<p>O ator Tarc\u00edsio Meira morreu na manh\u00e3 desta quinta-feira (12), v\u00edtima da Covid-19, aos 85 anos, em S\u00e3o Paulo.<\/p>\n\n\n\n<p>Ele estava internado no hospital Albert Einstein, na Zona Sul da cidade, em tratamento contra a doen\u00e7a.<\/p>\n\n\n\n<p>Tarc\u00edsio e sua esposa, a atriz Gl\u00f3ria Menezes, de 86 anos, deram entrada no hospital na \u00faltima sexta-feira (6). O artista chegou a ser intubado na UTI e fazer hemodi\u00e1lise cont\u00ednua.<\/p>\n\n\n\n<p>De acordo com o boletim m\u00e9dico divulgado pelo hospital na quarta (11), a atriz est\u00e1 se recuperando bem e recebe aux\u00edlio de oxig\u00eanio via nasal. Ela est\u00e1 internada em um apartamento.<\/p>\n\n\n\n<p>Ambos receberam a 2\u00aa dose da vacina contra Covid em mar\u00e7o deste ano, na cidade de Porto Feliz, no interior de S\u00e3o Paulo.<\/p>\n\n\n\n<p>Nenhuma vacina oferece prote\u00e7\u00e3o de 100% contra doen\u00e7as, mas todas reduzem o risco de infec\u00e7\u00e3o, hospitaliza\u00e7\u00e3o e morte, principalmente depois da segunda dose.<\/p>\n\n\n\n<p>\u00c9 importante lembrar que vacinas funcionam, mas n\u00e3o s\u00e3o infal\u00edveis. Ainda assim, apesar de a probabilidade de infec\u00e7\u00e3o ap\u00f3s a vacina ser pequena, quanto mais a doen\u00e7a estiver circulando, maior \u00e9 o risco de o imunizante falhar. Por isso a necessidade de vacinar o maior n\u00famero de pessoas poss\u00edveis o quanto antes.<\/p>\n","protected":false},"excerpt":{"rendered":"<p>O ator Tarc\u00edsio Meira morreu na manh\u00e3 desta quinta-feira (12), v\u00edtima da Covid-19, aos 85 anos, em S\u00e3o Paulo. Ele<\/p>\n","protected":false},"author":1,"featured_media":27625,"comment_status":"open","ping_status":"open","sticky":false,"template":"","format":"standard","meta":{"colormag_page_container_layout":"default_layout","colormag_page_sidebar_layout":"default_layout","footnotes":""},"categories":[18],"tags":[],"class_list":["post-27624","post","type-post","status-publish","format-standard","has-post-thumbnail","hentry","category-entretenimento"],"amp_enabled":true,"_links":{"self":[{"href":"https:\/\/maricatotal.com.br\/site\/wp-json\/wp\/v2\/posts\/27624","targetHints":{"allow":["GET"]}}],"collection":[{"href":"https:\/\/maricatotal.com.br\/site\/wp-json\/wp\/v2\/posts"}],"about":[{"href":"https:\/\/maricatotal.com.br\/site\/wp-json\/wp\/v2\/types\/post"}],"author":[{"embeddable":true,"href":"https:\/\/maricatotal.com.br\/site\/wp-json\/wp\/v2\/users\/1"}],"replies":[{"embeddable":true,"href":"https:\/\/maricatotal.com.br\/site\/wp-json\/wp\/v2\/comments?post=27624"}],"version-history":[{"count":1,"href":"https:\/\/maricatotal.com.br\/site\/wp-json\/wp\/v2\/posts\/27624\/revisions"}],"predecessor-version":[{"id":27626,"href":"https:\/\/maricatotal.com.br\/site\/wp-json\/wp\/v2\/posts\/27624\/revisions\/27626"}],"wp:featuredmedia":[{"embeddable":true,"href":"https:\/\/maricatotal.com.br\/site\/wp-json\/wp\/v2\/media\/27625"}],"wp:attachment":[{"href":"https:\/\/maricatotal.com.br\/site\/wp-json\/wp\/v2\/media?parent=27624"}],"wp:term":[{"taxonomy":"category","embeddable":true,"href":"https:\/\/maricatotal.com.br\/site\/wp-json\/wp\/v2\/categories?post=27624"},{"taxonomy":"post_tag","embeddable":true,"href":"https:\/\/maricatotal.com.br\/site\/wp-json\/wp\/v2\/tags?post=27624"}],"curies":[{"name":"wp","href":"https:\/\/api.w.org\/{rel}","templated":true}]}}